{"id":923,"date":"2018-12-16T23:41:31","date_gmt":"2018-12-16T22:41:31","guid":{"rendered":"http:\/\/www.acr-fulda.de\/?p=923"},"modified":"2018-12-23T19:38:47","modified_gmt":"2018-12-23T18:38:47","slug":"neue-flugplatzfrequenz","status":"publish","type":"post","link":"https:\/\/www.acr-fulda.de\/?p=923","title":{"rendered":"Neue Flugplatz-Frequenz"},"content":{"rendered":"\r\n<p>Mit Wirkung vom 05.12.2018 bis 25.01.2024 wurde unserer Bodenfunkstelle seitens der Bundesnetzagentur eine neue Funkfrequenz zugeteilt (125,3833 MHz).<\/p>\r\n\r\n\r\n\r\n<p>Streiche:&nbsp;&nbsp;&nbsp;&nbsp; Kanal 122.300<\/p>\r\n\r\n\r\n\r\n<p>Setze:&nbsp;&nbsp; &nbsp;&nbsp;&nbsp; &nbsp;&nbsp; Kanal 125,385<\/p>\r\n\r\n\r\n\r\n<p>Rufname:&nbsp;&nbsp;&nbsp; Johannisau &#8211; Start&nbsp; &nbsp;&nbsp;<\/p>\r\n<p>Weitere Anfluginformationen <a href=\"http:\/\/www.acr-fulda.de\/?page_id=61\">siehe hier &#8230;<\/a><\/p>\r\n","protected":false},"excerpt":{"rendered":"<p>Mit Wirkung vom 05.12.2018 bis 25.01.2024 wurde unserer Bodenfunkstelle seitens der Bundesnetzagentur eine neue Funkfrequenz zugeteilt (125,3833 MHz). Streiche:&nbsp;&nbsp;&nbsp;&nbsp; Kanal 122.300 Setze:&nbsp;&nbsp; &nbsp;&nbsp;&nbsp; &nbsp;&nbsp; Kanal 125,385 Rufname:&nbsp;&nbsp;&nbsp; Johannisau &#8211; Start&nbsp; &nbsp;&nbsp; Weitere Anfluginformationen siehe hier &#8230;<\/p>\n","protected":false},"author":1,"featured_media":352,"comment_status":"closed","ping_status":"open","sticky":false,"template":"","format":"standard","meta":{"_acf_changed":false,"wikipediapreview_detectlinks":true,"ngg_post_thumbnail":0,"footnotes":""},"categories":[1,5,7],"tags":[],"class_list":{"0":"post-923","1":"post","2":"type-post","3":"status-publish","4":"format-standard","5":"has-post-thumbnail","7":"category-allgemein","8":"category-landingpage","9":"category-technik","10":"czr-hentry"},"acf":[],"yoast_head":"<!-- This site is optimized with the Yoast SEO plugin v26.6 - https:\/\/yoast.com\/wordpress\/plugins\/seo\/ -->\n<title>Neue Flugplatz-Frequenz - Aeroclub Rh\u00f6n e.V. Fulda<\/title>\n<meta name=\"robots\" content=\"noindex, follow\" \/>\n<meta property=\"og:locale\" content=\"de_DE\" \/>\n<meta property=\"og:type\" content=\"article\" \/>\n<meta property=\"og:title\" content=\"Neue Flugplatz-Frequenz - Aeroclub Rh\u00f6n e.V. Fulda\" \/>\n<meta property=\"og:description\" content=\"Mit Wirkung vom 05.12.2018 bis 25.01.2024 wurde unserer Bodenfunkstelle seitens der Bundesnetzagentur eine neue Funkfrequenz zugeteilt (125,3833 MHz). Streiche:&nbsp;&nbsp;&nbsp;&nbsp; Kanal 122.300 Setze:&nbsp;&nbsp; &nbsp;&nbsp;&nbsp; &nbsp;&nbsp; Kanal 125,385 Rufname:&nbsp;&nbsp;&nbsp; Johannisau &#8211; Start&nbsp; &nbsp;&nbsp; Weitere Anfluginformationen siehe hier &#8230;\" \/>\n<meta property=\"og:url\" content=\"https:\/\/www.acr-fulda.de\/?p=923\" \/>\n<meta property=\"og:site_name\" content=\"Aeroclub Rh\u00f6n e.V. Fulda\" \/>\n<meta property=\"article:published_time\" content=\"2018-12-16T22:41:31+00:00\" \/>\n<meta property=\"article:modified_time\" content=\"2018-12-23T18:38:47+00:00\" \/>\n<meta property=\"og:image\" content=\"https:\/\/acr-fulda.de\/wp-content\/uploads\/2016\/12\/IMG_5648.jpg\" \/>\n\t<meta property=\"og:image:width\" content=\"960\" \/>\n\t<meta property=\"og:image:height\" content=\"1280\" \/>\n\t<meta property=\"og:image:type\" content=\"image\/jpeg\" \/>\n<meta name=\"author\" content=\"Windgame\" \/>\n<meta name=\"twitter:card\" content=\"summary_large_image\" \/>\n<meta name=\"twitter:label1\" content=\"Verfasst von\" \/>\n\t<meta name=\"twitter:data1\" content=\"Windgame\" \/>\n<script type=\"application\/ld+json\" class=\"yoast-schema-graph\">{\"@context\":\"https:\/\/schema.org\",\"@graph\":[{\"@type\":\"Article\",\"@id\":\"https:\/\/www.acr-fulda.de\/?p=923#article\",\"isPartOf\":{\"@id\":\"https:\/\/www.acr-fulda.de\/?p=923\"},\"author\":{\"name\":\"Windgame\",\"@id\":\"https:\/\/www.acr-fulda.de\/#\/schema\/person\/3692e759d291a714ec6bb3a701f85993\"},\"headline\":\"Neue Flugplatz-Frequenz\",\"datePublished\":\"2018-12-16T22:41:31+00:00\",\"dateModified\":\"2018-12-23T18:38:47+00:00\",\"mainEntityOfPage\":{\"@id\":\"https:\/\/www.acr-fulda.de\/?p=923\"},\"wordCount\":46,\"publisher\":{\"@id\":\"https:\/\/www.acr-fulda.de\/#organization\"},\"image\":{\"@id\":\"https:\/\/www.acr-fulda.de\/?p=923#primaryimage\"},\"thumbnailUrl\":\"https:\/\/www.acr-fulda.de\/wp-content\/uploads\/2016\/12\/IMG_5648.jpg\",\"articleSection\":{\"1\":\"LandingPage\",\"2\":\"Technik\"},\"inLanguage\":\"de\"},{\"@type\":\"WebPage\",\"@id\":\"https:\/\/www.acr-fulda.de\/?p=923\",\"url\":\"https:\/\/www.acr-fulda.de\/?p=923\",\"name\":\"Neue Flugplatz-Frequenz - Aeroclub Rh\u00f6n e.V. Fulda\",\"isPartOf\":{\"@id\":\"https:\/\/www.acr-fulda.de\/#website\"},\"primaryImageOfPage\":{\"@id\":\"https:\/\/www.acr-fulda.de\/?p=923#primaryimage\"},\"image\":{\"@id\":\"https:\/\/www.acr-fulda.de\/?p=923#primaryimage\"},\"thumbnailUrl\":\"https:\/\/www.acr-fulda.de\/wp-content\/uploads\/2016\/12\/IMG_5648.jpg\",\"datePublished\":\"2018-12-16T22:41:31+00:00\",\"dateModified\":\"2018-12-23T18:38:47+00:00\",\"breadcrumb\":{\"@id\":\"https:\/\/www.acr-fulda.de\/?p=923#breadcrumb\"},\"inLanguage\":\"de\",\"potentialAction\":[{\"@type\":\"ReadAction\",\"target\":[\"https:\/\/www.acr-fulda.de\/?p=923\"]}]},{\"@type\":\"ImageObject\",\"inLanguage\":\"de\",\"@id\":\"https:\/\/www.acr-fulda.de\/?p=923#primaryimage\",\"url\":\"https:\/\/www.acr-fulda.de\/wp-content\/uploads\/2016\/12\/IMG_5648.jpg\",\"contentUrl\":\"https:\/\/www.acr-fulda.de\/wp-content\/uploads\/2016\/12\/IMG_5648.jpg\",\"width\":960,\"height\":1280,\"caption\":\"Geht!\"},{\"@type\":\"BreadcrumbList\",\"@id\":\"https:\/\/www.acr-fulda.de\/?p=923#breadcrumb\",\"itemListElement\":[{\"@type\":\"ListItem\",\"position\":1,\"name\":\"Startseite\",\"item\":\"https:\/\/www.acr-fulda.de\/\"},{\"@type\":\"ListItem\",\"position\":2,\"name\":\"Neue Flugplatz-Frequenz\"}]},{\"@type\":\"WebSite\",\"@id\":\"https:\/\/www.acr-fulda.de\/#website\",\"url\":\"https:\/\/www.acr-fulda.de\/\",\"name\":\"Aeroclub Rh\u00f6n e.V. Fulda\",\"description\":\"Segelfliegen, Einf\u00fchrungsfl\u00fcge, Flugschule am  Stadtrand von Fulda\",\"publisher\":{\"@id\":\"https:\/\/www.acr-fulda.de\/#organization\"},\"potentialAction\":[{\"@type\":\"SearchAction\",\"target\":{\"@type\":\"EntryPoint\",\"urlTemplate\":\"https:\/\/www.acr-fulda.de\/?s={search_term_string}\"},\"query-input\":{\"@type\":\"PropertyValueSpecification\",\"valueRequired\":true,\"valueName\":\"search_term_string\"}}],\"inLanguage\":\"de\"},{\"@type\":\"Organization\",\"@id\":\"https:\/\/www.acr-fulda.de\/#organization\",\"name\":\"Aeroclub Rh\u00f6n e.V. Fulda\",\"url\":\"https:\/\/www.acr-fulda.de\/\",\"logo\":{\"@type\":\"ImageObject\",\"inLanguage\":\"de\",\"@id\":\"https:\/\/www.acr-fulda.de\/#\/schema\/logo\/image\/\",\"url\":\"https:\/\/i0.wp.com\/www.acr-fulda.de\/wp-content\/uploads\/2015\/11\/ACR-Logo_MASK-e1482574119922.png?fit=128%2C128&ssl=1\",\"contentUrl\":\"https:\/\/i0.wp.com\/www.acr-fulda.de\/wp-content\/uploads\/2015\/11\/ACR-Logo_MASK-e1482574119922.png?fit=128%2C128&ssl=1\",\"width\":128,\"height\":128,\"caption\":\"Aeroclub Rh\u00f6n e.V. Fulda\"},\"image\":{\"@id\":\"https:\/\/www.acr-fulda.de\/#\/schema\/logo\/image\/\"}},{\"@type\":\"Person\",\"@id\":\"https:\/\/www.acr-fulda.de\/#\/schema\/person\/3692e759d291a714ec6bb3a701f85993\",\"name\":\"Windgame\",\"image\":{\"@type\":\"ImageObject\",\"inLanguage\":\"de\",\"@id\":\"https:\/\/www.acr-fulda.de\/#\/schema\/person\/image\/\",\"url\":\"https:\/\/secure.gravatar.com\/avatar\/b56536a62e577852181bcdd52b43cefc609b18145084def09605811725d0f7dd?s=96&d=mm&r=g\",\"contentUrl\":\"https:\/\/secure.gravatar.com\/avatar\/b56536a62e577852181bcdd52b43cefc609b18145084def09605811725d0f7dd?s=96&d=mm&r=g\",\"caption\":\"Windgame\"}}]}<\/script>\n<!-- \/ Yoast SEO plugin. -->","yoast_head_json":{"title":"Neue Flugplatz-Frequenz - Aeroclub Rh\u00f6n e.V. Fulda","robots":{"index":"noindex","follow":"follow"},"og_locale":"de_DE","og_type":"article","og_title":"Neue Flugplatz-Frequenz - Aeroclub Rh\u00f6n e.V. Fulda","og_description":"Mit Wirkung vom 05.12.2018 bis 25.01.2024 wurde unserer Bodenfunkstelle seitens der Bundesnetzagentur eine neue Funkfrequenz zugeteilt (125,3833 MHz). Streiche:&nbsp;&nbsp;&nbsp;&nbsp; Kanal 122.300 Setze:&nbsp;&nbsp; &nbsp;&nbsp;&nbsp; &nbsp;&nbsp; Kanal 125,385 Rufname:&nbsp;&nbsp;&nbsp; Johannisau &#8211; Start&nbsp; &nbsp;&nbsp; Weitere Anfluginformationen siehe hier &#8230;","og_url":"https:\/\/www.acr-fulda.de\/?p=923","og_site_name":"Aeroclub Rh\u00f6n e.V. Fulda","article_published_time":"2018-12-16T22:41:31+00:00","article_modified_time":"2018-12-23T18:38:47+00:00","og_image":[{"width":960,"height":1280,"url":"https:\/\/acr-fulda.de\/wp-content\/uploads\/2016\/12\/IMG_5648.jpg","type":"image\/jpeg"}],"author":"Windgame","twitter_card":"summary_large_image","twitter_misc":{"Verfasst von":"Windgame"},"schema":{"@context":"https:\/\/schema.org","@graph":[{"@type":"Article","@id":"https:\/\/www.acr-fulda.de\/?p=923#article","isPartOf":{"@id":"https:\/\/www.acr-fulda.de\/?p=923"},"author":{"name":"Windgame","@id":"https:\/\/www.acr-fulda.de\/#\/schema\/person\/3692e759d291a714ec6bb3a701f85993"},"headline":"Neue Flugplatz-Frequenz","datePublished":"2018-12-16T22:41:31+00:00","dateModified":"2018-12-23T18:38:47+00:00","mainEntityOfPage":{"@id":"https:\/\/www.acr-fulda.de\/?p=923"},"wordCount":46,"publisher":{"@id":"https:\/\/www.acr-fulda.de\/#organization"},"image":{"@id":"https:\/\/www.acr-fulda.de\/?p=923#primaryimage"},"thumbnailUrl":"https:\/\/www.acr-fulda.de\/wp-content\/uploads\/2016\/12\/IMG_5648.jpg","articleSection":{"1":"LandingPage","2":"Technik"},"inLanguage":"de"},{"@type":"WebPage","@id":"https:\/\/www.acr-fulda.de\/?p=923","url":"https:\/\/www.acr-fulda.de\/?p=923","name":"Neue Flugplatz-Frequenz - Aeroclub Rh\u00f6n e.V. Fulda","isPartOf":{"@id":"https:\/\/www.acr-fulda.de\/#website"},"primaryImageOfPage":{"@id":"https:\/\/www.acr-fulda.de\/?p=923#primaryimage"},"image":{"@id":"https:\/\/www.acr-fulda.de\/?p=923#primaryimage"},"thumbnailUrl":"https:\/\/www.acr-fulda.de\/wp-content\/uploads\/2016\/12\/IMG_5648.jpg","datePublished":"2018-12-16T22:41:31+00:00","dateModified":"2018-12-23T18:38:47+00:00","breadcrumb":{"@id":"https:\/\/www.acr-fulda.de\/?p=923#breadcrumb"},"inLanguage":"de","potentialAction":[{"@type":"ReadAction","target":["https:\/\/www.acr-fulda.de\/?p=923"]}]},{"@type":"ImageObject","inLanguage":"de","@id":"https:\/\/www.acr-fulda.de\/?p=923#primaryimage","url":"https:\/\/www.acr-fulda.de\/wp-content\/uploads\/2016\/12\/IMG_5648.jpg","contentUrl":"https:\/\/www.acr-fulda.de\/wp-content\/uploads\/2016\/12\/IMG_5648.jpg","width":960,"height":1280,"caption":"Geht!"},{"@type":"BreadcrumbList","@id":"https:\/\/www.acr-fulda.de\/?p=923#breadcrumb","itemListElement":[{"@type":"ListItem","position":1,"name":"Startseite","item":"https:\/\/www.acr-fulda.de\/"},{"@type":"ListItem","position":2,"name":"Neue Flugplatz-Frequenz"}]},{"@type":"WebSite","@id":"https:\/\/www.acr-fulda.de\/#website","url":"https:\/\/www.acr-fulda.de\/","name":"Aeroclub Rh\u00f6n e.V. Fulda","description":"Segelfliegen, Einf\u00fchrungsfl\u00fcge, Flugschule am  Stadtrand von Fulda","publisher":{"@id":"https:\/\/www.acr-fulda.de\/#organization"},"potentialAction":[{"@type":"SearchAction","target":{"@type":"EntryPoint","urlTemplate":"https:\/\/www.acr-fulda.de\/?s={search_term_string}"},"query-input":{"@type":"PropertyValueSpecification","valueRequired":true,"valueName":"search_term_string"}}],"inLanguage":"de"},{"@type":"Organization","@id":"https:\/\/www.acr-fulda.de\/#organization","name":"Aeroclub Rh\u00f6n e.V. Fulda","url":"https:\/\/www.acr-fulda.de\/","logo":{"@type":"ImageObject","inLanguage":"de","@id":"https:\/\/www.acr-fulda.de\/#\/schema\/logo\/image\/","url":"https:\/\/i0.wp.com\/www.acr-fulda.de\/wp-content\/uploads\/2015\/11\/ACR-Logo_MASK-e1482574119922.png?fit=128%2C128&ssl=1","contentUrl":"https:\/\/i0.wp.com\/www.acr-fulda.de\/wp-content\/uploads\/2015\/11\/ACR-Logo_MASK-e1482574119922.png?fit=128%2C128&ssl=1","width":128,"height":128,"caption":"Aeroclub Rh\u00f6n e.V. Fulda"},"image":{"@id":"https:\/\/www.acr-fulda.de\/#\/schema\/logo\/image\/"}},{"@type":"Person","@id":"https:\/\/www.acr-fulda.de\/#\/schema\/person\/3692e759d291a714ec6bb3a701f85993","name":"Windgame","image":{"@type":"ImageObject","inLanguage":"de","@id":"https:\/\/www.acr-fulda.de\/#\/schema\/person\/image\/","url":"https:\/\/secure.gravatar.com\/avatar\/b56536a62e577852181bcdd52b43cefc609b18145084def09605811725d0f7dd?s=96&d=mm&r=g","contentUrl":"https:\/\/secure.gravatar.com\/avatar\/b56536a62e577852181bcdd52b43cefc609b18145084def09605811725d0f7dd?s=96&d=mm&r=g","caption":"Windgame"}}]}},"_links":{"self":[{"href":"https:\/\/www.acr-fulda.de\/index.php?rest_route=\/wp\/v2\/posts\/923","targetHints":{"allow":["GET"]}}],"collection":[{"href":"https:\/\/www.acr-fulda.de\/index.php?rest_route=\/wp\/v2\/posts"}],"about":[{"href":"https:\/\/www.acr-fulda.de\/index.php?rest_route=\/wp\/v2\/types\/post"}],"author":[{"embeddable":true,"href":"https:\/\/www.acr-fulda.de\/index.php?rest_route=\/wp\/v2\/users\/1"}],"replies":[{"embeddable":true,"href":"https:\/\/www.acr-fulda.de\/index.php?rest_route=%2Fwp%2Fv2%2Fcomments&post=923"}],"version-history":[{"count":5,"href":"https:\/\/www.acr-fulda.de\/index.php?rest_route=\/wp\/v2\/posts\/923\/revisions"}],"predecessor-version":[{"id":935,"href":"https:\/\/www.acr-fulda.de\/index.php?rest_route=\/wp\/v2\/posts\/923\/revisions\/935"}],"wp:featuredmedia":[{"embeddable":true,"href":"https:\/\/www.acr-fulda.de\/index.php?rest_route=\/wp\/v2\/media\/352"}],"wp:attachment":[{"href":"https:\/\/www.acr-fulda.de\/index.php?rest_route=%2Fwp%2Fv2%2Fmedia&parent=923"}],"wp:term":[{"taxonomy":"category","embeddable":true,"href":"https:\/\/www.acr-fulda.de\/index.php?rest_route=%2Fwp%2Fv2%2Fcategories&post=923"},{"taxonomy":"post_tag","embeddable":true,"href":"https:\/\/www.acr-fulda.de\/index.php?rest_route=%2Fwp%2Fv2%2Ftags&post=923"}],"curies":[{"name":"wp","href":"https:\/\/api.w.org\/{rel}","templated":true}]}}