{"id":772,"date":"2017-09-10T12:14:20","date_gmt":"2017-09-10T10:14:20","guid":{"rendered":"http:\/\/www.acr-fulda.de\/?p=772"},"modified":"2017-09-10T12:15:37","modified_gmt":"2017-09-10T10:15:37","slug":"aeroclub-avionik-flohmarkt","status":"publish","type":"post","link":"https:\/\/www.acr-fulda.de\/?p=772","title":{"rendered":"Aeroclub Avionik-Flohmarkt"},"content":{"rendered":"<h1>Wir verkaufen unsere Avionik-Sch\u00e4tzchen aus dem Werkstatt-Lager<\/h1>\n<div class=\"col-md-6 segelsub grid_list\">\n<p>Im Fr\u00fchjahr 2017 haben wir unsere f\u00fcnf Flugzeuge, die noch mit 25kHz-Kanalabstand ausger\u00fcstet waren, mit neuen Funkger\u00e4ten mit 8,3 kHz Kanalabstand ausgestattet.<\/p>\n<p><img loading=\"lazy\" decoding=\"async\" class=\"aligncenter wp-image-425 size-medium\" src=\"http:\/\/www.acr-fulda.de\/wp-content\/uploads\/2017\/05\/Avionik-95-von-112-800x533.jpg\" alt=\"\" width=\"800\" height=\"533\" srcset=\"https:\/\/acr-fulda.de\/wp-content\/uploads\/2017\/05\/Avionik-95-von-112-800x533.jpg 800w, https:\/\/acr-fulda.de\/wp-content\/uploads\/2017\/05\/Avionik-95-von-112-768x512.jpg 768w, https:\/\/acr-fulda.de\/wp-content\/uploads\/2017\/05\/Avionik-95-von-112.jpg 1944w\" sizes=\"auto, (max-width: 800px) 100vw, 800px\" \/><\/p>\n<p>Die ausgebauten Ger\u00e4te bieten wir hier an, folgende Typen stehen zum Verkauf :<\/p>\n<ul>\n<li>Dittel GmbH FSG 71 M&nbsp;<\/li>\n<li>Dittel GmbH FSG 40 S<\/li>\n<li>Filser ATR 500 VHF-TRC&nbsp;<\/li>\n<\/ul>\n<div class=\"col-md-6 segelsub grid_list\">\n<p>Alle Funkger\u00e4te haben bis zum Saisonende einwandfrei funktioniert, die Form-1\u2019s sind vorhanden.&nbsp;<\/p>\n<\/div>\n<p>Au\u00dferdem gibt es jede Menge interssante Varios, H\u00f6henmesser, Kompasse, NAV&#8217;s und vieles andere zu entdecken.<\/p>\n<p>Hier geht es zur \u00dcbersicht:&nbsp;<a href=\"http:\/\/www.acr-fulda.de\/?page_id=535\" target=\"_blank\" rel=\"noopener\">ACR Avionik-Flohmarkt<\/a><\/p>\n<p>&nbsp;<\/p>\n<\/div>\n","protected":false},"excerpt":{"rendered":"<p>Wir verkaufen unsere Avionik-Sch\u00e4tzchen aus dem Werkstatt-Lager Im Fr\u00fchjahr 2017 haben wir unsere f\u00fcnf Flugzeuge, die noch mit 25kHz-Kanalabstand ausger\u00fcstet waren, mit neuen Funkger\u00e4ten mit 8,3 kHz Kanalabstand ausgestattet. Die ausgebauten Ger\u00e4te bieten wir hier an, folgende Typen stehen zum Verkauf : Dittel GmbH FSG 71 M&nbsp; Dittel GmbH FSG 40 S Filser ATR 500 [&hellip;]<\/p>\n","protected":false},"author":1,"featured_media":423,"comment_status":"open","ping_status":"open","sticky":false,"template":"","format":"standard","meta":{"_acf_changed":false,"wikipediapreview_detectlinks":true,"ngg_post_thumbnail":0,"footnotes":""},"categories":[1,5,7],"tags":[],"class_list":{"0":"post-772","1":"post","2":"type-post","3":"status-publish","4":"format-standard","5":"has-post-thumbnail","7":"category-allgemein","8":"category-landingpage","9":"category-technik","10":"czr-hentry"},"acf":[],"yoast_head":"<!-- This site is optimized with the Yoast SEO plugin v26.6 - https:\/\/yoast.com\/wordpress\/plugins\/seo\/ -->\n<title>Aeroclub Avionik-Flohmarkt - Aeroclub Rh\u00f6n e.V. Fulda<\/title>\n<meta name=\"robots\" content=\"noindex, follow\" \/>\n<meta property=\"og:locale\" content=\"de_DE\" \/>\n<meta property=\"og:type\" content=\"article\" \/>\n<meta property=\"og:title\" content=\"Aeroclub Avionik-Flohmarkt - Aeroclub Rh\u00f6n e.V. Fulda\" \/>\n<meta property=\"og:description\" content=\"Wir verkaufen unsere Avionik-Sch\u00e4tzchen aus dem Werkstatt-Lager Im Fr\u00fchjahr 2017 haben wir unsere f\u00fcnf Flugzeuge, die noch mit 25kHz-Kanalabstand ausger\u00fcstet waren, mit neuen Funkger\u00e4ten mit 8,3 kHz Kanalabstand ausgestattet. Die ausgebauten Ger\u00e4te bieten wir hier an, folgende Typen stehen zum Verkauf : Dittel GmbH FSG 71 M&nbsp; Dittel GmbH FSG 40 S Filser ATR 500 [&hellip;]\" \/>\n<meta property=\"og:url\" content=\"https:\/\/www.acr-fulda.de\/?p=772\" \/>\n<meta property=\"og:site_name\" content=\"Aeroclub Rh\u00f6n e.V. Fulda\" \/>\n<meta property=\"article:published_time\" content=\"2017-09-10T10:14:20+00:00\" \/>\n<meta property=\"article:modified_time\" content=\"2017-09-10T10:15:37+00:00\" \/>\n<meta property=\"og:image\" content=\"https:\/\/acr-fulda.de\/wp-content\/uploads\/2017\/05\/Avionik-38-von-112.jpg\" \/>\n\t<meta property=\"og:image:width\" content=\"1944\" \/>\n\t<meta property=\"og:image:height\" content=\"1296\" \/>\n\t<meta property=\"og:image:type\" content=\"image\/jpeg\" \/>\n<meta name=\"author\" content=\"Windgame\" \/>\n<meta name=\"twitter:card\" content=\"summary_large_image\" \/>\n<meta name=\"twitter:label1\" content=\"Verfasst von\" \/>\n\t<meta name=\"twitter:data1\" content=\"Windgame\" \/>\n<script type=\"application\/ld+json\" class=\"yoast-schema-graph\">{\"@context\":\"https:\/\/schema.org\",\"@graph\":[{\"@type\":\"Article\",\"@id\":\"https:\/\/www.acr-fulda.de\/?p=772#article\",\"isPartOf\":{\"@id\":\"https:\/\/www.acr-fulda.de\/?p=772\"},\"author\":{\"name\":\"Windgame\",\"@id\":\"https:\/\/www.acr-fulda.de\/#\/schema\/person\/3692e759d291a714ec6bb3a701f85993\"},\"headline\":\"Aeroclub Avionik-Flohmarkt\",\"datePublished\":\"2017-09-10T10:14:20+00:00\",\"dateModified\":\"2017-09-10T10:15:37+00:00\",\"mainEntityOfPage\":{\"@id\":\"https:\/\/www.acr-fulda.de\/?p=772\"},\"wordCount\":102,\"commentCount\":0,\"publisher\":{\"@id\":\"https:\/\/www.acr-fulda.de\/#organization\"},\"image\":{\"@id\":\"https:\/\/www.acr-fulda.de\/?p=772#primaryimage\"},\"thumbnailUrl\":\"https:\/\/acr-fulda.de\/wp-content\/uploads\/2017\/05\/Avionik-38-von-112.jpg\",\"articleSection\":{\"1\":\"LandingPage\",\"2\":\"Technik\"},\"inLanguage\":\"de\",\"potentialAction\":[{\"@type\":\"CommentAction\",\"name\":\"Comment\",\"target\":[\"https:\/\/www.acr-fulda.de\/?p=772#respond\"]}]},{\"@type\":\"WebPage\",\"@id\":\"https:\/\/www.acr-fulda.de\/?p=772\",\"url\":\"https:\/\/www.acr-fulda.de\/?p=772\",\"name\":\"Aeroclub Avionik-Flohmarkt - Aeroclub Rh\u00f6n e.V. Fulda\",\"isPartOf\":{\"@id\":\"https:\/\/www.acr-fulda.de\/#website\"},\"primaryImageOfPage\":{\"@id\":\"https:\/\/www.acr-fulda.de\/?p=772#primaryimage\"},\"image\":{\"@id\":\"https:\/\/www.acr-fulda.de\/?p=772#primaryimage\"},\"thumbnailUrl\":\"https:\/\/acr-fulda.de\/wp-content\/uploads\/2017\/05\/Avionik-38-von-112.jpg\",\"datePublished\":\"2017-09-10T10:14:20+00:00\",\"dateModified\":\"2017-09-10T10:15:37+00:00\",\"breadcrumb\":{\"@id\":\"https:\/\/www.acr-fulda.de\/?p=772#breadcrumb\"},\"inLanguage\":\"de\",\"potentialAction\":[{\"@type\":\"ReadAction\",\"target\":[\"https:\/\/www.acr-fulda.de\/?p=772\"]}]},{\"@type\":\"ImageObject\",\"inLanguage\":\"de\",\"@id\":\"https:\/\/www.acr-fulda.de\/?p=772#primaryimage\",\"url\":\"https:\/\/acr-fulda.de\/wp-content\/uploads\/2017\/05\/Avionik-38-von-112.jpg\",\"contentUrl\":\"https:\/\/acr-fulda.de\/wp-content\/uploads\/2017\/05\/Avionik-38-von-112.jpg\",\"width\":1944,\"height\":1296},{\"@type\":\"BreadcrumbList\",\"@id\":\"https:\/\/www.acr-fulda.de\/?p=772#breadcrumb\",\"itemListElement\":[{\"@type\":\"ListItem\",\"position\":1,\"name\":\"Startseite\",\"item\":\"https:\/\/www.acr-fulda.de\/\"},{\"@type\":\"ListItem\",\"position\":2,\"name\":\"Aeroclub Avionik-Flohmarkt\"}]},{\"@type\":\"WebSite\",\"@id\":\"https:\/\/www.acr-fulda.de\/#website\",\"url\":\"https:\/\/www.acr-fulda.de\/\",\"name\":\"Aeroclub Rh\u00f6n e.V. Fulda\",\"description\":\"Segelfliegen, Einf\u00fchrungsfl\u00fcge, Flugschule am  Stadtrand von Fulda\",\"publisher\":{\"@id\":\"https:\/\/www.acr-fulda.de\/#organization\"},\"potentialAction\":[{\"@type\":\"SearchAction\",\"target\":{\"@type\":\"EntryPoint\",\"urlTemplate\":\"https:\/\/www.acr-fulda.de\/?s={search_term_string}\"},\"query-input\":{\"@type\":\"PropertyValueSpecification\",\"valueRequired\":true,\"valueName\":\"search_term_string\"}}],\"inLanguage\":\"de\"},{\"@type\":\"Organization\",\"@id\":\"https:\/\/www.acr-fulda.de\/#organization\",\"name\":\"Aeroclub Rh\u00f6n e.V. Fulda\",\"url\":\"https:\/\/www.acr-fulda.de\/\",\"logo\":{\"@type\":\"ImageObject\",\"inLanguage\":\"de\",\"@id\":\"https:\/\/www.acr-fulda.de\/#\/schema\/logo\/image\/\",\"url\":\"https:\/\/i0.wp.com\/www.acr-fulda.de\/wp-content\/uploads\/2015\/11\/ACR-Logo_MASK-e1482574119922.png?fit=128%2C128&ssl=1\",\"contentUrl\":\"https:\/\/i0.wp.com\/www.acr-fulda.de\/wp-content\/uploads\/2015\/11\/ACR-Logo_MASK-e1482574119922.png?fit=128%2C128&ssl=1\",\"width\":128,\"height\":128,\"caption\":\"Aeroclub Rh\u00f6n e.V. Fulda\"},\"image\":{\"@id\":\"https:\/\/www.acr-fulda.de\/#\/schema\/logo\/image\/\"}},{\"@type\":\"Person\",\"@id\":\"https:\/\/www.acr-fulda.de\/#\/schema\/person\/3692e759d291a714ec6bb3a701f85993\",\"name\":\"Windgame\",\"image\":{\"@type\":\"ImageObject\",\"inLanguage\":\"de\",\"@id\":\"https:\/\/www.acr-fulda.de\/#\/schema\/person\/image\/\",\"url\":\"https:\/\/secure.gravatar.com\/avatar\/b56536a62e577852181bcdd52b43cefc609b18145084def09605811725d0f7dd?s=96&d=mm&r=g\",\"contentUrl\":\"https:\/\/secure.gravatar.com\/avatar\/b56536a62e577852181bcdd52b43cefc609b18145084def09605811725d0f7dd?s=96&d=mm&r=g\",\"caption\":\"Windgame\"}}]}<\/script>\n<!-- \/ Yoast SEO plugin. -->","yoast_head_json":{"title":"Aeroclub Avionik-Flohmarkt - Aeroclub Rh\u00f6n e.V. Fulda","robots":{"index":"noindex","follow":"follow"},"og_locale":"de_DE","og_type":"article","og_title":"Aeroclub Avionik-Flohmarkt - Aeroclub Rh\u00f6n e.V. Fulda","og_description":"Wir verkaufen unsere Avionik-Sch\u00e4tzchen aus dem Werkstatt-Lager Im Fr\u00fchjahr 2017 haben wir unsere f\u00fcnf Flugzeuge, die noch mit 25kHz-Kanalabstand ausger\u00fcstet waren, mit neuen Funkger\u00e4ten mit 8,3 kHz Kanalabstand ausgestattet. Die ausgebauten Ger\u00e4te bieten wir hier an, folgende Typen stehen zum Verkauf : Dittel GmbH FSG 71 M&nbsp; Dittel GmbH FSG 40 S Filser ATR 500 [&hellip;]","og_url":"https:\/\/www.acr-fulda.de\/?p=772","og_site_name":"Aeroclub Rh\u00f6n e.V. Fulda","article_published_time":"2017-09-10T10:14:20+00:00","article_modified_time":"2017-09-10T10:15:37+00:00","og_image":[{"width":1944,"height":1296,"url":"https:\/\/acr-fulda.de\/wp-content\/uploads\/2017\/05\/Avionik-38-von-112.jpg","type":"image\/jpeg"}],"author":"Windgame","twitter_card":"summary_large_image","twitter_misc":{"Verfasst von":"Windgame"},"schema":{"@context":"https:\/\/schema.org","@graph":[{"@type":"Article","@id":"https:\/\/www.acr-fulda.de\/?p=772#article","isPartOf":{"@id":"https:\/\/www.acr-fulda.de\/?p=772"},"author":{"name":"Windgame","@id":"https:\/\/www.acr-fulda.de\/#\/schema\/person\/3692e759d291a714ec6bb3a701f85993"},"headline":"Aeroclub Avionik-Flohmarkt","datePublished":"2017-09-10T10:14:20+00:00","dateModified":"2017-09-10T10:15:37+00:00","mainEntityOfPage":{"@id":"https:\/\/www.acr-fulda.de\/?p=772"},"wordCount":102,"commentCount":0,"publisher":{"@id":"https:\/\/www.acr-fulda.de\/#organization"},"image":{"@id":"https:\/\/www.acr-fulda.de\/?p=772#primaryimage"},"thumbnailUrl":"https:\/\/acr-fulda.de\/wp-content\/uploads\/2017\/05\/Avionik-38-von-112.jpg","articleSection":{"1":"LandingPage","2":"Technik"},"inLanguage":"de","potentialAction":[{"@type":"CommentAction","name":"Comment","target":["https:\/\/www.acr-fulda.de\/?p=772#respond"]}]},{"@type":"WebPage","@id":"https:\/\/www.acr-fulda.de\/?p=772","url":"https:\/\/www.acr-fulda.de\/?p=772","name":"Aeroclub Avionik-Flohmarkt - Aeroclub Rh\u00f6n e.V. Fulda","isPartOf":{"@id":"https:\/\/www.acr-fulda.de\/#website"},"primaryImageOfPage":{"@id":"https:\/\/www.acr-fulda.de\/?p=772#primaryimage"},"image":{"@id":"https:\/\/www.acr-fulda.de\/?p=772#primaryimage"},"thumbnailUrl":"https:\/\/acr-fulda.de\/wp-content\/uploads\/2017\/05\/Avionik-38-von-112.jpg","datePublished":"2017-09-10T10:14:20+00:00","dateModified":"2017-09-10T10:15:37+00:00","breadcrumb":{"@id":"https:\/\/www.acr-fulda.de\/?p=772#breadcrumb"},"inLanguage":"de","potentialAction":[{"@type":"ReadAction","target":["https:\/\/www.acr-fulda.de\/?p=772"]}]},{"@type":"ImageObject","inLanguage":"de","@id":"https:\/\/www.acr-fulda.de\/?p=772#primaryimage","url":"https:\/\/acr-fulda.de\/wp-content\/uploads\/2017\/05\/Avionik-38-von-112.jpg","contentUrl":"https:\/\/acr-fulda.de\/wp-content\/uploads\/2017\/05\/Avionik-38-von-112.jpg","width":1944,"height":1296},{"@type":"BreadcrumbList","@id":"https:\/\/www.acr-fulda.de\/?p=772#breadcrumb","itemListElement":[{"@type":"ListItem","position":1,"name":"Startseite","item":"https:\/\/www.acr-fulda.de\/"},{"@type":"ListItem","position":2,"name":"Aeroclub Avionik-Flohmarkt"}]},{"@type":"WebSite","@id":"https:\/\/www.acr-fulda.de\/#website","url":"https:\/\/www.acr-fulda.de\/","name":"Aeroclub Rh\u00f6n e.V. Fulda","description":"Segelfliegen, Einf\u00fchrungsfl\u00fcge, Flugschule am  Stadtrand von Fulda","publisher":{"@id":"https:\/\/www.acr-fulda.de\/#organization"},"potentialAction":[{"@type":"SearchAction","target":{"@type":"EntryPoint","urlTemplate":"https:\/\/www.acr-fulda.de\/?s={search_term_string}"},"query-input":{"@type":"PropertyValueSpecification","valueRequired":true,"valueName":"search_term_string"}}],"inLanguage":"de"},{"@type":"Organization","@id":"https:\/\/www.acr-fulda.de\/#organization","name":"Aeroclub Rh\u00f6n e.V. Fulda","url":"https:\/\/www.acr-fulda.de\/","logo":{"@type":"ImageObject","inLanguage":"de","@id":"https:\/\/www.acr-fulda.de\/#\/schema\/logo\/image\/","url":"https:\/\/i0.wp.com\/www.acr-fulda.de\/wp-content\/uploads\/2015\/11\/ACR-Logo_MASK-e1482574119922.png?fit=128%2C128&ssl=1","contentUrl":"https:\/\/i0.wp.com\/www.acr-fulda.de\/wp-content\/uploads\/2015\/11\/ACR-Logo_MASK-e1482574119922.png?fit=128%2C128&ssl=1","width":128,"height":128,"caption":"Aeroclub Rh\u00f6n e.V. Fulda"},"image":{"@id":"https:\/\/www.acr-fulda.de\/#\/schema\/logo\/image\/"}},{"@type":"Person","@id":"https:\/\/www.acr-fulda.de\/#\/schema\/person\/3692e759d291a714ec6bb3a701f85993","name":"Windgame","image":{"@type":"ImageObject","inLanguage":"de","@id":"https:\/\/www.acr-fulda.de\/#\/schema\/person\/image\/","url":"https:\/\/secure.gravatar.com\/avatar\/b56536a62e577852181bcdd52b43cefc609b18145084def09605811725d0f7dd?s=96&d=mm&r=g","contentUrl":"https:\/\/secure.gravatar.com\/avatar\/b56536a62e577852181bcdd52b43cefc609b18145084def09605811725d0f7dd?s=96&d=mm&r=g","caption":"Windgame"}}]}},"_links":{"self":[{"href":"https:\/\/www.acr-fulda.de\/index.php?rest_route=\/wp\/v2\/posts\/772","targetHints":{"allow":["GET"]}}],"collection":[{"href":"https:\/\/www.acr-fulda.de\/index.php?rest_route=\/wp\/v2\/posts"}],"about":[{"href":"https:\/\/www.acr-fulda.de\/index.php?rest_route=\/wp\/v2\/types\/post"}],"author":[{"embeddable":true,"href":"https:\/\/www.acr-fulda.de\/index.php?rest_route=\/wp\/v2\/users\/1"}],"replies":[{"embeddable":true,"href":"https:\/\/www.acr-fulda.de\/index.php?rest_route=%2Fwp%2Fv2%2Fcomments&post=772"}],"version-history":[{"count":2,"href":"https:\/\/www.acr-fulda.de\/index.php?rest_route=\/wp\/v2\/posts\/772\/revisions"}],"predecessor-version":[{"id":774,"href":"https:\/\/www.acr-fulda.de\/index.php?rest_route=\/wp\/v2\/posts\/772\/revisions\/774"}],"wp:featuredmedia":[{"embeddable":true,"href":"https:\/\/www.acr-fulda.de\/index.php?rest_route=\/wp\/v2\/media\/423"}],"wp:attachment":[{"href":"https:\/\/www.acr-fulda.de\/index.php?rest_route=%2Fwp%2Fv2%2Fmedia&parent=772"}],"wp:term":[{"taxonomy":"category","embeddable":true,"href":"https:\/\/www.acr-fulda.de\/index.php?rest_route=%2Fwp%2Fv2%2Fcategories&post=772"},{"taxonomy":"post_tag","embeddable":true,"href":"https:\/\/www.acr-fulda.de\/index.php?rest_route=%2Fwp%2Fv2%2Ftags&post=772"}],"curies":[{"name":"wp","href":"https:\/\/api.w.org\/{rel}","templated":true}]}}