{"id":336,"date":"2016-11-06T14:24:08","date_gmt":"2016-11-06T13:24:08","guid":{"rendered":"http:\/\/www.acr-fulda.de\/?p=336"},"modified":"2017-06-04T12:49:23","modified_gmt":"2017-06-04T10:49:23","slug":"beschleunigungsstreifen-piste-23","status":"publish","type":"post","link":"https:\/\/www.acr-fulda.de\/?p=336","title":{"rendered":"Beschleunigungsstreifen &#8211; Piste 23"},"content":{"rendered":"<h1 style=\"text-align: left;\">Der neue Beschleunigungsstreifen ist jetzt beh\u00f6rdlich genehmigt und in Betrieb<\/h1>\n<p>Bei den ersten Starts hat sich best\u00e4tigt, dass die Flugzeuge nun viel fr\u00fcher abheben, da der Beschleunigungsstreifen den Rollwiderstand deutlich reduziert. Ein gr0\u00dfer Sicherheitsgewinn und somit eine Investition, die sich gelohnt hat!<\/p>\n<p>Hier ein Video von einem kompletten Flugzeugschlepp vom neuen Beschleunigungsstreifen auf der Startbahn 23:<\/p>\n<p style=\"text-align: center;\"><iframe loading=\"lazy\" src=\"https:\/\/www.youtube.com\/embed\/94_YBj1HYOU\" width=\"560\" height=\"315\" frameborder=\"0\" allowfullscreen=\"allowfullscreen\"><\/iframe><\/p>\n<p><img loading=\"lazy\" decoding=\"async\" class=\"aligncenter wp-image-335\" src=\"http:\/\/www.acr-fulda.de\/wp-content\/uploads\/2016\/11\/Beschleunigungsstreifen-2048x1536.jpg\" alt=\"beschleunigungsstreifen\" width=\"561\" height=\"420\" srcset=\"https:\/\/acr-fulda.de\/wp-content\/uploads\/2016\/11\/Beschleunigungsstreifen-2048x1536.jpg 2048w, https:\/\/acr-fulda.de\/wp-content\/uploads\/2016\/11\/Beschleunigungsstreifen-800x600.jpg 800w, https:\/\/acr-fulda.de\/wp-content\/uploads\/2016\/11\/Beschleunigungsstreifen-768x576.jpg 768w\" sizes=\"auto, (max-width: 561px) 100vw, 561px\" \/><\/p>\n<p>Unser Beschleunigungsstreifen (100m x 3m) konnte\u00a0<a href=\"http:\/\/airmail.calendar\/2016-11-12%2012:00:00%20MEZ\">am Samstag<\/a>,\u00a0<a href=\"http:\/\/airmail.calendar\/2016-10-29%2012:00:00%20MESZ\">29.10.2016<\/a>\u00a0fertiggestellt werden. Dank gilt allen Helfern unseres Vereins, die sich in vielf\u00e4ltiger Weise tatkr\u00e4ftig eingebracht haben (Planung, Antragstellung, Vermessung, Organisation, handwerkliche Umsetzung) sowie der Fa. Hasenauer, unter deren fachkundiger Anleitung die Arbeiten durchgef\u00fchrt wurden.<\/p>\n<p>Nachdem am Samstag, 05. November 2016 die Flugsaison 2016 mit dem Abr\u00fcsten der Flugzeuge definitiv beendet wurde, hat das Erdreich um den neuen Beschleunigungsstreifen herum Zeit, sich zu setzen und bis zu neuerlichen Saison-Er\u00f6ffnung im Fr\u00fchjahr 2017 eine Grasnarbe zu bilden.<\/p>\n<blockquote><p><strong>Hintergrundinformation:<\/strong><\/p>\n<p>Die Investition in den neuen Beschleunigungsstreifen stellt einen weiteren Baustein unseres Modernisierungs- und Sicherheitskonzeptes dar. Durch den verringerten Rollwiderstand auf dem festen Untergrund des Anrollstreifens erreichen die Flugzeuge insbesondere beim Segelflugzeug-Schlepp viel eher ihre Abhebegeschwindigkeit. Dadurch wird eine zus\u00e4tzliche Sicherheitsreserve geschaffen, da die Flugzeuge nun das Startbahnende mit einer deutlich gr\u00f6\u00dferen H\u00f6he \u00fcberfliegen.<\/p><\/blockquote>\n<p><img loading=\"lazy\" decoding=\"async\" class=\"aligncenter size-full wp-image-208\" src=\"http:\/\/www.acr-fulda.de\/wp-content\/uploads\/2015\/07\/DK_20150718_Alleinflug_s_450.jpg\" alt=\"DK_20150718_Alleinflug_s_450\" width=\"2000\" height=\"1333\" srcset=\"https:\/\/acr-fulda.de\/wp-content\/uploads\/2015\/07\/DK_20150718_Alleinflug_s_450.jpg 2000w, https:\/\/acr-fulda.de\/wp-content\/uploads\/2015\/07\/DK_20150718_Alleinflug_s_450-800x533.jpg 800w\" sizes=\"auto, (max-width: 2000px) 100vw, 2000px\" \/><\/p>\n<p>&nbsp;<\/p>\n","protected":false},"excerpt":{"rendered":"<p>Der neue Beschleunigungsstreifen ist jetzt beh\u00f6rdlich genehmigt und in Betrieb Bei den ersten Starts hat sich best\u00e4tigt, dass die Flugzeuge nun viel fr\u00fcher abheben, da der Beschleunigungsstreifen den Rollwiderstand deutlich reduziert. Ein gr0\u00dfer Sicherheitsgewinn und somit eine Investition, die sich gelohnt hat! Hier ein Video von einem kompletten Flugzeugschlepp vom neuen Beschleunigungsstreifen auf der Startbahn [&hellip;]<\/p>\n","protected":false},"author":1,"featured_media":208,"comment_status":"open","ping_status":"open","sticky":false,"template":"","format":"standard","meta":{"_acf_changed":false,"wikipediapreview_detectlinks":true,"ngg_post_thumbnail":0,"footnotes":""},"categories":[1,5],"tags":[],"class_list":{"0":"post-336","1":"post","2":"type-post","3":"status-publish","4":"format-standard","5":"has-post-thumbnail","7":"category-allgemein","8":"category-landingpage","9":"czr-hentry"},"acf":[],"yoast_head":"<!-- This site is optimized with the Yoast SEO plugin v26.6 - https:\/\/yoast.com\/wordpress\/plugins\/seo\/ -->\n<title>Beschleunigungsstreifen - Piste 23 - Aeroclub Rh\u00f6n e.V. Fulda<\/title>\n<meta name=\"robots\" content=\"noindex, follow\" \/>\n<meta property=\"og:locale\" content=\"de_DE\" \/>\n<meta property=\"og:type\" content=\"article\" \/>\n<meta property=\"og:title\" content=\"Beschleunigungsstreifen - Piste 23 - Aeroclub Rh\u00f6n e.V. Fulda\" \/>\n<meta property=\"og:description\" content=\"Der neue Beschleunigungsstreifen ist jetzt beh\u00f6rdlich genehmigt und in Betrieb Bei den ersten Starts hat sich best\u00e4tigt, dass die Flugzeuge nun viel fr\u00fcher abheben, da der Beschleunigungsstreifen den Rollwiderstand deutlich reduziert. Ein gr0\u00dfer Sicherheitsgewinn und somit eine Investition, die sich gelohnt hat! Hier ein Video von einem kompletten Flugzeugschlepp vom neuen Beschleunigungsstreifen auf der Startbahn [&hellip;]\" \/>\n<meta property=\"og:url\" content=\"https:\/\/www.acr-fulda.de\/?p=336\" \/>\n<meta property=\"og:site_name\" content=\"Aeroclub Rh\u00f6n e.V. Fulda\" \/>\n<meta property=\"article:published_time\" content=\"2016-11-06T13:24:08+00:00\" \/>\n<meta property=\"article:modified_time\" content=\"2017-06-04T10:49:23+00:00\" \/>\n<meta property=\"og:image\" content=\"https:\/\/acr-fulda.de\/wp-content\/uploads\/2015\/07\/DK_20150718_Alleinflug_s_450.jpg\" \/>\n\t<meta property=\"og:image:width\" content=\"2000\" \/>\n\t<meta property=\"og:image:height\" content=\"1333\" \/>\n\t<meta property=\"og:image:type\" content=\"image\/jpeg\" \/>\n<meta name=\"author\" content=\"Windgame\" \/>\n<meta name=\"twitter:card\" content=\"summary_large_image\" \/>\n<meta name=\"twitter:label1\" content=\"Verfasst von\" \/>\n\t<meta name=\"twitter:data1\" content=\"Windgame\" \/>\n\t<meta name=\"twitter:label2\" content=\"Gesch\u00e4tzte Lesezeit\" \/>\n\t<meta name=\"twitter:data2\" content=\"1\u00a0Minute\" \/>\n<script type=\"application\/ld+json\" class=\"yoast-schema-graph\">{\"@context\":\"https:\/\/schema.org\",\"@graph\":[{\"@type\":\"Article\",\"@id\":\"https:\/\/www.acr-fulda.de\/?p=336#article\",\"isPartOf\":{\"@id\":\"https:\/\/www.acr-fulda.de\/?p=336\"},\"author\":{\"name\":\"Windgame\",\"@id\":\"https:\/\/www.acr-fulda.de\/#\/schema\/person\/3692e759d291a714ec6bb3a701f85993\"},\"headline\":\"Beschleunigungsstreifen &#8211; Piste 23\",\"datePublished\":\"2016-11-06T13:24:08+00:00\",\"dateModified\":\"2017-06-04T10:49:23+00:00\",\"mainEntityOfPage\":{\"@id\":\"https:\/\/www.acr-fulda.de\/?p=336\"},\"wordCount\":205,\"commentCount\":0,\"publisher\":{\"@id\":\"https:\/\/www.acr-fulda.de\/#organization\"},\"image\":{\"@id\":\"https:\/\/www.acr-fulda.de\/?p=336#primaryimage\"},\"thumbnailUrl\":\"https:\/\/acr-fulda.de\/wp-content\/uploads\/2015\/07\/DK_20150718_Alleinflug_s_450.jpg\",\"articleSection\":{\"1\":\"LandingPage\"},\"inLanguage\":\"de\",\"potentialAction\":[{\"@type\":\"CommentAction\",\"name\":\"Comment\",\"target\":[\"https:\/\/www.acr-fulda.de\/?p=336#respond\"]}]},{\"@type\":\"WebPage\",\"@id\":\"https:\/\/www.acr-fulda.de\/?p=336\",\"url\":\"https:\/\/www.acr-fulda.de\/?p=336\",\"name\":\"Beschleunigungsstreifen - Piste 23 - Aeroclub Rh\u00f6n e.V. Fulda\",\"isPartOf\":{\"@id\":\"https:\/\/www.acr-fulda.de\/#website\"},\"primaryImageOfPage\":{\"@id\":\"https:\/\/www.acr-fulda.de\/?p=336#primaryimage\"},\"image\":{\"@id\":\"https:\/\/www.acr-fulda.de\/?p=336#primaryimage\"},\"thumbnailUrl\":\"https:\/\/acr-fulda.de\/wp-content\/uploads\/2015\/07\/DK_20150718_Alleinflug_s_450.jpg\",\"datePublished\":\"2016-11-06T13:24:08+00:00\",\"dateModified\":\"2017-06-04T10:49:23+00:00\",\"breadcrumb\":{\"@id\":\"https:\/\/www.acr-fulda.de\/?p=336#breadcrumb\"},\"inLanguage\":\"de\",\"potentialAction\":[{\"@type\":\"ReadAction\",\"target\":[\"https:\/\/www.acr-fulda.de\/?p=336\"]}]},{\"@type\":\"ImageObject\",\"inLanguage\":\"de\",\"@id\":\"https:\/\/www.acr-fulda.de\/?p=336#primaryimage\",\"url\":\"https:\/\/acr-fulda.de\/wp-content\/uploads\/2015\/07\/DK_20150718_Alleinflug_s_450.jpg\",\"contentUrl\":\"https:\/\/acr-fulda.de\/wp-content\/uploads\/2015\/07\/DK_20150718_Alleinflug_s_450.jpg\",\"width\":2000,\"height\":1333},{\"@type\":\"BreadcrumbList\",\"@id\":\"https:\/\/www.acr-fulda.de\/?p=336#breadcrumb\",\"itemListElement\":[{\"@type\":\"ListItem\",\"position\":1,\"name\":\"Startseite\",\"item\":\"https:\/\/www.acr-fulda.de\/\"},{\"@type\":\"ListItem\",\"position\":2,\"name\":\"Beschleunigungsstreifen &#8211; Piste 23\"}]},{\"@type\":\"WebSite\",\"@id\":\"https:\/\/www.acr-fulda.de\/#website\",\"url\":\"https:\/\/www.acr-fulda.de\/\",\"name\":\"Aeroclub Rh\u00f6n e.V. Fulda\",\"description\":\"Segelfliegen, Einf\u00fchrungsfl\u00fcge, Flugschule am  Stadtrand von Fulda\",\"publisher\":{\"@id\":\"https:\/\/www.acr-fulda.de\/#organization\"},\"potentialAction\":[{\"@type\":\"SearchAction\",\"target\":{\"@type\":\"EntryPoint\",\"urlTemplate\":\"https:\/\/www.acr-fulda.de\/?s={search_term_string}\"},\"query-input\":{\"@type\":\"PropertyValueSpecification\",\"valueRequired\":true,\"valueName\":\"search_term_string\"}}],\"inLanguage\":\"de\"},{\"@type\":\"Organization\",\"@id\":\"https:\/\/www.acr-fulda.de\/#organization\",\"name\":\"Aeroclub Rh\u00f6n e.V. Fulda\",\"url\":\"https:\/\/www.acr-fulda.de\/\",\"logo\":{\"@type\":\"ImageObject\",\"inLanguage\":\"de\",\"@id\":\"https:\/\/www.acr-fulda.de\/#\/schema\/logo\/image\/\",\"url\":\"https:\/\/i0.wp.com\/www.acr-fulda.de\/wp-content\/uploads\/2015\/11\/ACR-Logo_MASK-e1482574119922.png?fit=128%2C128&ssl=1\",\"contentUrl\":\"https:\/\/i0.wp.com\/www.acr-fulda.de\/wp-content\/uploads\/2015\/11\/ACR-Logo_MASK-e1482574119922.png?fit=128%2C128&ssl=1\",\"width\":128,\"height\":128,\"caption\":\"Aeroclub Rh\u00f6n e.V. Fulda\"},\"image\":{\"@id\":\"https:\/\/www.acr-fulda.de\/#\/schema\/logo\/image\/\"}},{\"@type\":\"Person\",\"@id\":\"https:\/\/www.acr-fulda.de\/#\/schema\/person\/3692e759d291a714ec6bb3a701f85993\",\"name\":\"Windgame\",\"image\":{\"@type\":\"ImageObject\",\"inLanguage\":\"de\",\"@id\":\"https:\/\/www.acr-fulda.de\/#\/schema\/person\/image\/\",\"url\":\"https:\/\/secure.gravatar.com\/avatar\/b56536a62e577852181bcdd52b43cefc609b18145084def09605811725d0f7dd?s=96&d=mm&r=g\",\"contentUrl\":\"https:\/\/secure.gravatar.com\/avatar\/b56536a62e577852181bcdd52b43cefc609b18145084def09605811725d0f7dd?s=96&d=mm&r=g\",\"caption\":\"Windgame\"}}]}<\/script>\n<!-- \/ Yoast SEO plugin. -->","yoast_head_json":{"title":"Beschleunigungsstreifen - Piste 23 - Aeroclub Rh\u00f6n e.V. Fulda","robots":{"index":"noindex","follow":"follow"},"og_locale":"de_DE","og_type":"article","og_title":"Beschleunigungsstreifen - Piste 23 - Aeroclub Rh\u00f6n e.V. Fulda","og_description":"Der neue Beschleunigungsstreifen ist jetzt beh\u00f6rdlich genehmigt und in Betrieb Bei den ersten Starts hat sich best\u00e4tigt, dass die Flugzeuge nun viel fr\u00fcher abheben, da der Beschleunigungsstreifen den Rollwiderstand deutlich reduziert. Ein gr0\u00dfer Sicherheitsgewinn und somit eine Investition, die sich gelohnt hat! Hier ein Video von einem kompletten Flugzeugschlepp vom neuen Beschleunigungsstreifen auf der Startbahn [&hellip;]","og_url":"https:\/\/www.acr-fulda.de\/?p=336","og_site_name":"Aeroclub Rh\u00f6n e.V. Fulda","article_published_time":"2016-11-06T13:24:08+00:00","article_modified_time":"2017-06-04T10:49:23+00:00","og_image":[{"width":2000,"height":1333,"url":"https:\/\/acr-fulda.de\/wp-content\/uploads\/2015\/07\/DK_20150718_Alleinflug_s_450.jpg","type":"image\/jpeg"}],"author":"Windgame","twitter_card":"summary_large_image","twitter_misc":{"Verfasst von":"Windgame","Gesch\u00e4tzte Lesezeit":"1\u00a0Minute"},"schema":{"@context":"https:\/\/schema.org","@graph":[{"@type":"Article","@id":"https:\/\/www.acr-fulda.de\/?p=336#article","isPartOf":{"@id":"https:\/\/www.acr-fulda.de\/?p=336"},"author":{"name":"Windgame","@id":"https:\/\/www.acr-fulda.de\/#\/schema\/person\/3692e759d291a714ec6bb3a701f85993"},"headline":"Beschleunigungsstreifen &#8211; Piste 23","datePublished":"2016-11-06T13:24:08+00:00","dateModified":"2017-06-04T10:49:23+00:00","mainEntityOfPage":{"@id":"https:\/\/www.acr-fulda.de\/?p=336"},"wordCount":205,"commentCount":0,"publisher":{"@id":"https:\/\/www.acr-fulda.de\/#organization"},"image":{"@id":"https:\/\/www.acr-fulda.de\/?p=336#primaryimage"},"thumbnailUrl":"https:\/\/acr-fulda.de\/wp-content\/uploads\/2015\/07\/DK_20150718_Alleinflug_s_450.jpg","articleSection":{"1":"LandingPage"},"inLanguage":"de","potentialAction":[{"@type":"CommentAction","name":"Comment","target":["https:\/\/www.acr-fulda.de\/?p=336#respond"]}]},{"@type":"WebPage","@id":"https:\/\/www.acr-fulda.de\/?p=336","url":"https:\/\/www.acr-fulda.de\/?p=336","name":"Beschleunigungsstreifen - Piste 23 - Aeroclub Rh\u00f6n e.V. Fulda","isPartOf":{"@id":"https:\/\/www.acr-fulda.de\/#website"},"primaryImageOfPage":{"@id":"https:\/\/www.acr-fulda.de\/?p=336#primaryimage"},"image":{"@id":"https:\/\/www.acr-fulda.de\/?p=336#primaryimage"},"thumbnailUrl":"https:\/\/acr-fulda.de\/wp-content\/uploads\/2015\/07\/DK_20150718_Alleinflug_s_450.jpg","datePublished":"2016-11-06T13:24:08+00:00","dateModified":"2017-06-04T10:49:23+00:00","breadcrumb":{"@id":"https:\/\/www.acr-fulda.de\/?p=336#breadcrumb"},"inLanguage":"de","potentialAction":[{"@type":"ReadAction","target":["https:\/\/www.acr-fulda.de\/?p=336"]}]},{"@type":"ImageObject","inLanguage":"de","@id":"https:\/\/www.acr-fulda.de\/?p=336#primaryimage","url":"https:\/\/acr-fulda.de\/wp-content\/uploads\/2015\/07\/DK_20150718_Alleinflug_s_450.jpg","contentUrl":"https:\/\/acr-fulda.de\/wp-content\/uploads\/2015\/07\/DK_20150718_Alleinflug_s_450.jpg","width":2000,"height":1333},{"@type":"BreadcrumbList","@id":"https:\/\/www.acr-fulda.de\/?p=336#breadcrumb","itemListElement":[{"@type":"ListItem","position":1,"name":"Startseite","item":"https:\/\/www.acr-fulda.de\/"},{"@type":"ListItem","position":2,"name":"Beschleunigungsstreifen &#8211; Piste 23"}]},{"@type":"WebSite","@id":"https:\/\/www.acr-fulda.de\/#website","url":"https:\/\/www.acr-fulda.de\/","name":"Aeroclub Rh\u00f6n e.V. Fulda","description":"Segelfliegen, Einf\u00fchrungsfl\u00fcge, Flugschule am  Stadtrand von Fulda","publisher":{"@id":"https:\/\/www.acr-fulda.de\/#organization"},"potentialAction":[{"@type":"SearchAction","target":{"@type":"EntryPoint","urlTemplate":"https:\/\/www.acr-fulda.de\/?s={search_term_string}"},"query-input":{"@type":"PropertyValueSpecification","valueRequired":true,"valueName":"search_term_string"}}],"inLanguage":"de"},{"@type":"Organization","@id":"https:\/\/www.acr-fulda.de\/#organization","name":"Aeroclub Rh\u00f6n e.V. Fulda","url":"https:\/\/www.acr-fulda.de\/","logo":{"@type":"ImageObject","inLanguage":"de","@id":"https:\/\/www.acr-fulda.de\/#\/schema\/logo\/image\/","url":"https:\/\/i0.wp.com\/www.acr-fulda.de\/wp-content\/uploads\/2015\/11\/ACR-Logo_MASK-e1482574119922.png?fit=128%2C128&ssl=1","contentUrl":"https:\/\/i0.wp.com\/www.acr-fulda.de\/wp-content\/uploads\/2015\/11\/ACR-Logo_MASK-e1482574119922.png?fit=128%2C128&ssl=1","width":128,"height":128,"caption":"Aeroclub Rh\u00f6n e.V. Fulda"},"image":{"@id":"https:\/\/www.acr-fulda.de\/#\/schema\/logo\/image\/"}},{"@type":"Person","@id":"https:\/\/www.acr-fulda.de\/#\/schema\/person\/3692e759d291a714ec6bb3a701f85993","name":"Windgame","image":{"@type":"ImageObject","inLanguage":"de","@id":"https:\/\/www.acr-fulda.de\/#\/schema\/person\/image\/","url":"https:\/\/secure.gravatar.com\/avatar\/b56536a62e577852181bcdd52b43cefc609b18145084def09605811725d0f7dd?s=96&d=mm&r=g","contentUrl":"https:\/\/secure.gravatar.com\/avatar\/b56536a62e577852181bcdd52b43cefc609b18145084def09605811725d0f7dd?s=96&d=mm&r=g","caption":"Windgame"}}]}},"_links":{"self":[{"href":"https:\/\/www.acr-fulda.de\/index.php?rest_route=\/wp\/v2\/posts\/336","targetHints":{"allow":["GET"]}}],"collection":[{"href":"https:\/\/www.acr-fulda.de\/index.php?rest_route=\/wp\/v2\/posts"}],"about":[{"href":"https:\/\/www.acr-fulda.de\/index.php?rest_route=\/wp\/v2\/types\/post"}],"author":[{"embeddable":true,"href":"https:\/\/www.acr-fulda.de\/index.php?rest_route=\/wp\/v2\/users\/1"}],"replies":[{"embeddable":true,"href":"https:\/\/www.acr-fulda.de\/index.php?rest_route=%2Fwp%2Fv2%2Fcomments&post=336"}],"version-history":[{"count":4,"href":"https:\/\/www.acr-fulda.de\/index.php?rest_route=\/wp\/v2\/posts\/336\/revisions"}],"predecessor-version":[{"id":414,"href":"https:\/\/www.acr-fulda.de\/index.php?rest_route=\/wp\/v2\/posts\/336\/revisions\/414"}],"wp:featuredmedia":[{"embeddable":true,"href":"https:\/\/www.acr-fulda.de\/index.php?rest_route=\/wp\/v2\/media\/208"}],"wp:attachment":[{"href":"https:\/\/www.acr-fulda.de\/index.php?rest_route=%2Fwp%2Fv2%2Fmedia&parent=336"}],"wp:term":[{"taxonomy":"category","embeddable":true,"href":"https:\/\/www.acr-fulda.de\/index.php?rest_route=%2Fwp%2Fv2%2Fcategories&post=336"},{"taxonomy":"post_tag","embeddable":true,"href":"https:\/\/www.acr-fulda.de\/index.php?rest_route=%2Fwp%2Fv2%2Ftags&post=336"}],"curies":[{"name":"wp","href":"https:\/\/api.w.org\/{rel}","templated":true}]}}