{"id":333,"date":"2016-11-06T13:46:29","date_gmt":"2016-11-06T12:46:29","guid":{"rendered":"http:\/\/www.acr-fulda.de\/?p=333"},"modified":"2017-05-19T21:59:39","modified_gmt":"2017-05-19T19:59:39","slug":"einladung-zur-jahresabschlussveranstaltung-des-acr-2016","status":"publish","type":"post","link":"https:\/\/www.acr-fulda.de\/?p=333","title":{"rendered":"Einladung zur Jahresabschlussveranstaltung des ACR &#8211; 2016"},"content":{"rendered":"<p>Sehr geehrte Fliegerkolleginnen und Fliegerkollegen,<\/p>\n<p>Unser diesj\u00e4hriger Jahresabschluss 2016 ist in der Br\u00fcder &#8211; Grimm &#8211; Stadt Steinau an der Stra\u00dfe vorgesehen. Hierzu laden wir alle aktiven und passiven Mitglieder unseres Vereins ganz herzlich ein. Selbstverst\u00e4ndlich richtet sich die Einladung auch an die dazugeh\u00f6rigen Partner, Freunde und sonstigen G\u00f6nner des Vereins.<\/p>\n<p>Tag:\u00a0\u00a0\u00a0\u00a0<a href=\"http:\/\/airmail.calendar\/2016-11-26%2012:00:00%20MEZ\">Samstag, 26.11.2016<\/a><\/p>\n<p>Zeit:\u00a0\u00a0\u00a0\u00a0<a href=\"http:\/\/airmail.calendar\/2016-11-06%2014:45:00%20MEZ\">Ab 14.45 Uhr<\/a>\u00a0bis &#8230;&#8230;&#8230;&#8230;&#8230;&#8230;&#8230;.<\/p>\n<p>Programm:<\/p>\n<p>a)\u00a0\u00a0\u00a0 Stadtf\u00fchrung &#8211; Motto: &#8222;Auf den Spuren der Grimms&#8220; mit Besuch des Br\u00fcder &#8211; Grimm &#8211; Haus (Museum)<\/p>\n<p>Kosten:\u00a0\u00a0\u00a0 Ca. 4,- \u20ac p. P.\u00a0 (Stadtf\u00fchrung) + 4,- \u20ac p. P. (Museumseintritt)<\/p>\n<p>b)\u00a0\u00a0\u00a0 Besuch des Weihnachtsmarkts in Steinau an der Stra\u00dfe<\/p>\n<p>c)\u00a0\u00a0\u00a0 Abendessen\u00a0 (\u00e0 la carte) im Hotel &#8211; Restauerant &#8222;BURGMANNENHAUS&#8220; (unmittelbar am Marktplatz)<\/p>\n<p>Organisatorisches:<\/p>\n<p>a)\u00a0\u00a0\u00a0 Ein Omnibus wird nicht bereitgestellt.<\/p>\n<p>b)\u00a0\u00a0\u00a0 Die Hin- und R\u00fcckfahrt erfolgt mit PKW. Die Bildung von Fahrgemeinschaften \/ ggf. Taxi wird empfohlen.<\/p>\n<p>c)\u00a0\u00a0\u00a0 Alternativ kann die Hin- und R\u00fcckfahrt auch mit der Bahn ab Fulda (Hbf.) nach Steinau (Bhf.) erfolgen.<\/p>\n<p>Hinweis:<\/p>\n<p>Die Wegestrecke vom Bahnhof Steinau zum Treffpunkt (Parkplatz am Schlo\u00df) betr\u00e4gt zu Fu\u00df ca. 25 Minuten.<\/p>\n<p>d)\u00a0\u00a0\u00a0 Eine namentliche Anmeldung wird bis\u00a0<a href=\"http:\/\/airmail.calendar\/2016-11-15%2012:00:00%20MEZ\">Dienstag, 15.11.2016<\/a>\u00a0per Mail oder Telefon erbeten an: Claus Krist<\/p>\n<p><a class=\"moz-txt-link-abbreviated\" href=\"mailto:claus.krist@t-online.de\">claus.krist@t-online.de<\/a><\/p>\n<p>e) \u00a0\u00a0 Ein detaillierter Organisationshinweis wird nach Anmeldeschluss zeitgerecht erstellt.<\/p>\n<p>\u00dcber eine zahlreiche Beteiligung w\u00fcrden wir uns sehr freuen.<\/p>\n<p>Mit freundlichen Gr\u00fc\u00dfen<\/p>\n<p>In Vertretung f\u00fcr den Vorstand<\/p>\n<p>Claus Krist<\/p>\n<p>&nbsp;<\/p>\n","protected":false},"excerpt":{"rendered":"<p>Sehr geehrte Fliegerkolleginnen und Fliegerkollegen, Unser diesj\u00e4hriger Jahresabschluss 2016 ist in der Br\u00fcder &#8211; Grimm &#8211; Stadt Steinau an der Stra\u00dfe vorgesehen. Hierzu laden wir alle aktiven und passiven Mitglieder unseres Vereins ganz herzlich ein. Selbstverst\u00e4ndlich richtet sich die Einladung auch an die dazugeh\u00f6rigen Partner, Freunde und sonstigen G\u00f6nner des Vereins. Tag:\u00a0\u00a0\u00a0\u00a0Samstag, 26.11.2016 Zeit:\u00a0\u00a0\u00a0\u00a0Ab 14.45 [&hellip;]<\/p>\n","protected":false},"author":1,"featured_media":0,"comment_status":"open","ping_status":"open","sticky":false,"template":"","format":"standard","meta":{"_acf_changed":false,"wikipediapreview_detectlinks":true,"ngg_post_thumbnail":0,"footnotes":""},"categories":[1],"tags":[],"class_list":{"0":"post-333","1":"post","2":"type-post","3":"status-publish","4":"format-standard","6":"category-allgemein","7":"czr-hentry"},"acf":[],"yoast_head":"<!-- This site is optimized with the Yoast SEO plugin v26.6 - https:\/\/yoast.com\/wordpress\/plugins\/seo\/ -->\n<title>Einladung zur Jahresabschlussveranstaltung des ACR - 2016 - Aeroclub Rh\u00f6n e.V. Fulda<\/title>\n<meta name=\"robots\" content=\"noindex, follow\" \/>\n<meta property=\"og:locale\" content=\"de_DE\" \/>\n<meta property=\"og:type\" content=\"article\" \/>\n<meta property=\"og:title\" content=\"Einladung zur Jahresabschlussveranstaltung des ACR - 2016 - Aeroclub Rh\u00f6n e.V. Fulda\" \/>\n<meta property=\"og:description\" content=\"Sehr geehrte Fliegerkolleginnen und Fliegerkollegen, Unser diesj\u00e4hriger Jahresabschluss 2016 ist in der Br\u00fcder &#8211; Grimm &#8211; Stadt Steinau an der Stra\u00dfe vorgesehen. Hierzu laden wir alle aktiven und passiven Mitglieder unseres Vereins ganz herzlich ein. Selbstverst\u00e4ndlich richtet sich die Einladung auch an die dazugeh\u00f6rigen Partner, Freunde und sonstigen G\u00f6nner des Vereins. Tag:\u00a0\u00a0\u00a0\u00a0Samstag, 26.11.2016 Zeit:\u00a0\u00a0\u00a0\u00a0Ab 14.45 [&hellip;]\" \/>\n<meta property=\"og:url\" content=\"https:\/\/www.acr-fulda.de\/?p=333\" \/>\n<meta property=\"og:site_name\" content=\"Aeroclub Rh\u00f6n e.V. Fulda\" \/>\n<meta property=\"article:published_time\" content=\"2016-11-06T12:46:29+00:00\" \/>\n<meta property=\"article:modified_time\" content=\"2017-05-19T19:59:39+00:00\" \/>\n<meta name=\"author\" content=\"Windgame\" \/>\n<meta name=\"twitter:card\" content=\"summary_large_image\" \/>\n<meta name=\"twitter:label1\" content=\"Verfasst von\" \/>\n\t<meta name=\"twitter:data1\" content=\"Windgame\" \/>\n\t<meta name=\"twitter:label2\" content=\"Gesch\u00e4tzte Lesezeit\" \/>\n\t<meta name=\"twitter:data2\" content=\"1\u00a0Minute\" \/>\n<script type=\"application\/ld+json\" class=\"yoast-schema-graph\">{\"@context\":\"https:\/\/schema.org\",\"@graph\":[{\"@type\":\"Article\",\"@id\":\"https:\/\/www.acr-fulda.de\/?p=333#article\",\"isPartOf\":{\"@id\":\"https:\/\/www.acr-fulda.de\/?p=333\"},\"author\":{\"name\":\"Windgame\",\"@id\":\"https:\/\/www.acr-fulda.de\/#\/schema\/person\/3692e759d291a714ec6bb3a701f85993\"},\"headline\":\"Einladung zur Jahresabschlussveranstaltung des ACR &#8211; 2016\",\"datePublished\":\"2016-11-06T12:46:29+00:00\",\"dateModified\":\"2017-05-19T19:59:39+00:00\",\"mainEntityOfPage\":{\"@id\":\"https:\/\/www.acr-fulda.de\/?p=333\"},\"wordCount\":233,\"commentCount\":0,\"publisher\":{\"@id\":\"https:\/\/www.acr-fulda.de\/#organization\"},\"inLanguage\":\"de\",\"potentialAction\":[{\"@type\":\"CommentAction\",\"name\":\"Comment\",\"target\":[\"https:\/\/www.acr-fulda.de\/?p=333#respond\"]}]},{\"@type\":\"WebPage\",\"@id\":\"https:\/\/www.acr-fulda.de\/?p=333\",\"url\":\"https:\/\/www.acr-fulda.de\/?p=333\",\"name\":\"Einladung zur Jahresabschlussveranstaltung des ACR - 2016 - Aeroclub Rh\u00f6n e.V. Fulda\",\"isPartOf\":{\"@id\":\"https:\/\/www.acr-fulda.de\/#website\"},\"datePublished\":\"2016-11-06T12:46:29+00:00\",\"dateModified\":\"2017-05-19T19:59:39+00:00\",\"breadcrumb\":{\"@id\":\"https:\/\/www.acr-fulda.de\/?p=333#breadcrumb\"},\"inLanguage\":\"de\",\"potentialAction\":[{\"@type\":\"ReadAction\",\"target\":[\"https:\/\/www.acr-fulda.de\/?p=333\"]}]},{\"@type\":\"BreadcrumbList\",\"@id\":\"https:\/\/www.acr-fulda.de\/?p=333#breadcrumb\",\"itemListElement\":[{\"@type\":\"ListItem\",\"position\":1,\"name\":\"Startseite\",\"item\":\"https:\/\/www.acr-fulda.de\/\"},{\"@type\":\"ListItem\",\"position\":2,\"name\":\"Einladung zur Jahresabschlussveranstaltung des ACR &#8211; 2016\"}]},{\"@type\":\"WebSite\",\"@id\":\"https:\/\/www.acr-fulda.de\/#website\",\"url\":\"https:\/\/www.acr-fulda.de\/\",\"name\":\"Aeroclub Rh\u00f6n e.V. Fulda\",\"description\":\"Segelfliegen, Einf\u00fchrungsfl\u00fcge, Flugschule am  Stadtrand von Fulda\",\"publisher\":{\"@id\":\"https:\/\/www.acr-fulda.de\/#organization\"},\"potentialAction\":[{\"@type\":\"SearchAction\",\"target\":{\"@type\":\"EntryPoint\",\"urlTemplate\":\"https:\/\/www.acr-fulda.de\/?s={search_term_string}\"},\"query-input\":{\"@type\":\"PropertyValueSpecification\",\"valueRequired\":true,\"valueName\":\"search_term_string\"}}],\"inLanguage\":\"de\"},{\"@type\":\"Organization\",\"@id\":\"https:\/\/www.acr-fulda.de\/#organization\",\"name\":\"Aeroclub Rh\u00f6n e.V. Fulda\",\"url\":\"https:\/\/www.acr-fulda.de\/\",\"logo\":{\"@type\":\"ImageObject\",\"inLanguage\":\"de\",\"@id\":\"https:\/\/www.acr-fulda.de\/#\/schema\/logo\/image\/\",\"url\":\"https:\/\/i0.wp.com\/www.acr-fulda.de\/wp-content\/uploads\/2015\/11\/ACR-Logo_MASK-e1482574119922.png?fit=128%2C128&ssl=1\",\"contentUrl\":\"https:\/\/i0.wp.com\/www.acr-fulda.de\/wp-content\/uploads\/2015\/11\/ACR-Logo_MASK-e1482574119922.png?fit=128%2C128&ssl=1\",\"width\":128,\"height\":128,\"caption\":\"Aeroclub Rh\u00f6n e.V. Fulda\"},\"image\":{\"@id\":\"https:\/\/www.acr-fulda.de\/#\/schema\/logo\/image\/\"}},{\"@type\":\"Person\",\"@id\":\"https:\/\/www.acr-fulda.de\/#\/schema\/person\/3692e759d291a714ec6bb3a701f85993\",\"name\":\"Windgame\",\"image\":{\"@type\":\"ImageObject\",\"inLanguage\":\"de\",\"@id\":\"https:\/\/www.acr-fulda.de\/#\/schema\/person\/image\/\",\"url\":\"https:\/\/secure.gravatar.com\/avatar\/b56536a62e577852181bcdd52b43cefc609b18145084def09605811725d0f7dd?s=96&d=mm&r=g\",\"contentUrl\":\"https:\/\/secure.gravatar.com\/avatar\/b56536a62e577852181bcdd52b43cefc609b18145084def09605811725d0f7dd?s=96&d=mm&r=g\",\"caption\":\"Windgame\"}}]}<\/script>\n<!-- \/ Yoast SEO plugin. -->","yoast_head_json":{"title":"Einladung zur Jahresabschlussveranstaltung des ACR - 2016 - Aeroclub Rh\u00f6n e.V. Fulda","robots":{"index":"noindex","follow":"follow"},"og_locale":"de_DE","og_type":"article","og_title":"Einladung zur Jahresabschlussveranstaltung des ACR - 2016 - Aeroclub Rh\u00f6n e.V. Fulda","og_description":"Sehr geehrte Fliegerkolleginnen und Fliegerkollegen, Unser diesj\u00e4hriger Jahresabschluss 2016 ist in der Br\u00fcder &#8211; Grimm &#8211; Stadt Steinau an der Stra\u00dfe vorgesehen. Hierzu laden wir alle aktiven und passiven Mitglieder unseres Vereins ganz herzlich ein. Selbstverst\u00e4ndlich richtet sich die Einladung auch an die dazugeh\u00f6rigen Partner, Freunde und sonstigen G\u00f6nner des Vereins. Tag:\u00a0\u00a0\u00a0\u00a0Samstag, 26.11.2016 Zeit:\u00a0\u00a0\u00a0\u00a0Ab 14.45 [&hellip;]","og_url":"https:\/\/www.acr-fulda.de\/?p=333","og_site_name":"Aeroclub Rh\u00f6n e.V. Fulda","article_published_time":"2016-11-06T12:46:29+00:00","article_modified_time":"2017-05-19T19:59:39+00:00","author":"Windgame","twitter_card":"summary_large_image","twitter_misc":{"Verfasst von":"Windgame","Gesch\u00e4tzte Lesezeit":"1\u00a0Minute"},"schema":{"@context":"https:\/\/schema.org","@graph":[{"@type":"Article","@id":"https:\/\/www.acr-fulda.de\/?p=333#article","isPartOf":{"@id":"https:\/\/www.acr-fulda.de\/?p=333"},"author":{"name":"Windgame","@id":"https:\/\/www.acr-fulda.de\/#\/schema\/person\/3692e759d291a714ec6bb3a701f85993"},"headline":"Einladung zur Jahresabschlussveranstaltung des ACR &#8211; 2016","datePublished":"2016-11-06T12:46:29+00:00","dateModified":"2017-05-19T19:59:39+00:00","mainEntityOfPage":{"@id":"https:\/\/www.acr-fulda.de\/?p=333"},"wordCount":233,"commentCount":0,"publisher":{"@id":"https:\/\/www.acr-fulda.de\/#organization"},"inLanguage":"de","potentialAction":[{"@type":"CommentAction","name":"Comment","target":["https:\/\/www.acr-fulda.de\/?p=333#respond"]}]},{"@type":"WebPage","@id":"https:\/\/www.acr-fulda.de\/?p=333","url":"https:\/\/www.acr-fulda.de\/?p=333","name":"Einladung zur Jahresabschlussveranstaltung des ACR - 2016 - Aeroclub Rh\u00f6n e.V. Fulda","isPartOf":{"@id":"https:\/\/www.acr-fulda.de\/#website"},"datePublished":"2016-11-06T12:46:29+00:00","dateModified":"2017-05-19T19:59:39+00:00","breadcrumb":{"@id":"https:\/\/www.acr-fulda.de\/?p=333#breadcrumb"},"inLanguage":"de","potentialAction":[{"@type":"ReadAction","target":["https:\/\/www.acr-fulda.de\/?p=333"]}]},{"@type":"BreadcrumbList","@id":"https:\/\/www.acr-fulda.de\/?p=333#breadcrumb","itemListElement":[{"@type":"ListItem","position":1,"name":"Startseite","item":"https:\/\/www.acr-fulda.de\/"},{"@type":"ListItem","position":2,"name":"Einladung zur Jahresabschlussveranstaltung des ACR &#8211; 2016"}]},{"@type":"WebSite","@id":"https:\/\/www.acr-fulda.de\/#website","url":"https:\/\/www.acr-fulda.de\/","name":"Aeroclub Rh\u00f6n e.V. Fulda","description":"Segelfliegen, Einf\u00fchrungsfl\u00fcge, Flugschule am  Stadtrand von Fulda","publisher":{"@id":"https:\/\/www.acr-fulda.de\/#organization"},"potentialAction":[{"@type":"SearchAction","target":{"@type":"EntryPoint","urlTemplate":"https:\/\/www.acr-fulda.de\/?s={search_term_string}"},"query-input":{"@type":"PropertyValueSpecification","valueRequired":true,"valueName":"search_term_string"}}],"inLanguage":"de"},{"@type":"Organization","@id":"https:\/\/www.acr-fulda.de\/#organization","name":"Aeroclub Rh\u00f6n e.V. Fulda","url":"https:\/\/www.acr-fulda.de\/","logo":{"@type":"ImageObject","inLanguage":"de","@id":"https:\/\/www.acr-fulda.de\/#\/schema\/logo\/image\/","url":"https:\/\/i0.wp.com\/www.acr-fulda.de\/wp-content\/uploads\/2015\/11\/ACR-Logo_MASK-e1482574119922.png?fit=128%2C128&ssl=1","contentUrl":"https:\/\/i0.wp.com\/www.acr-fulda.de\/wp-content\/uploads\/2015\/11\/ACR-Logo_MASK-e1482574119922.png?fit=128%2C128&ssl=1","width":128,"height":128,"caption":"Aeroclub Rh\u00f6n e.V. Fulda"},"image":{"@id":"https:\/\/www.acr-fulda.de\/#\/schema\/logo\/image\/"}},{"@type":"Person","@id":"https:\/\/www.acr-fulda.de\/#\/schema\/person\/3692e759d291a714ec6bb3a701f85993","name":"Windgame","image":{"@type":"ImageObject","inLanguage":"de","@id":"https:\/\/www.acr-fulda.de\/#\/schema\/person\/image\/","url":"https:\/\/secure.gravatar.com\/avatar\/b56536a62e577852181bcdd52b43cefc609b18145084def09605811725d0f7dd?s=96&d=mm&r=g","contentUrl":"https:\/\/secure.gravatar.com\/avatar\/b56536a62e577852181bcdd52b43cefc609b18145084def09605811725d0f7dd?s=96&d=mm&r=g","caption":"Windgame"}}]}},"_links":{"self":[{"href":"https:\/\/www.acr-fulda.de\/index.php?rest_route=\/wp\/v2\/posts\/333","targetHints":{"allow":["GET"]}}],"collection":[{"href":"https:\/\/www.acr-fulda.de\/index.php?rest_route=\/wp\/v2\/posts"}],"about":[{"href":"https:\/\/www.acr-fulda.de\/index.php?rest_route=\/wp\/v2\/types\/post"}],"author":[{"embeddable":true,"href":"https:\/\/www.acr-fulda.de\/index.php?rest_route=\/wp\/v2\/users\/1"}],"replies":[{"embeddable":true,"href":"https:\/\/www.acr-fulda.de\/index.php?rest_route=%2Fwp%2Fv2%2Fcomments&post=333"}],"version-history":[{"count":1,"href":"https:\/\/www.acr-fulda.de\/index.php?rest_route=\/wp\/v2\/posts\/333\/revisions"}],"predecessor-version":[{"id":334,"href":"https:\/\/www.acr-fulda.de\/index.php?rest_route=\/wp\/v2\/posts\/333\/revisions\/334"}],"wp:attachment":[{"href":"https:\/\/www.acr-fulda.de\/index.php?rest_route=%2Fwp%2Fv2%2Fmedia&parent=333"}],"wp:term":[{"taxonomy":"category","embeddable":true,"href":"https:\/\/www.acr-fulda.de\/index.php?rest_route=%2Fwp%2Fv2%2Fcategories&post=333"},{"taxonomy":"post_tag","embeddable":true,"href":"https:\/\/www.acr-fulda.de\/index.php?rest_route=%2Fwp%2Fv2%2Ftags&post=333"}],"curies":[{"name":"wp","href":"https:\/\/api.w.org\/{rel}","templated":true}]}}