{"id":291,"date":"2015-11-17T20:38:34","date_gmt":"2015-11-17T19:38:34","guid":{"rendered":"http:\/\/www.acr-fulda.de\/?p=291"},"modified":"2016-09-13T12:23:22","modified_gmt":"2016-09-13T10:23:22","slug":"vortragsreihe-im-aero-club-gelnhausen-filmabend-am-mittwoch-18-11","status":"publish","type":"post","link":"https:\/\/www.acr-fulda.de\/?p=291","title":{"rendered":"Vortragsreihe im Aero-Club Gelnhausen"},"content":{"rendered":"<p><strong><em>Der Aero Club Gelnhausen bietet auch in diesem Winter wieder eine Vortragsreihe zu allen m\u00f6glichen Themen aus der Fliegerei an. Die Vortr\u00e4ge sind \u00f6ffentlich, die Teilnahme kostenlos, eingeladen sind nicht nur Piloten sondern alle Interessierten bzw. Flugbegeisterten. Die Veranstaltung findet bis zum 16.12. jeden Mittwoch\u00a0 um 19.30 Uhr in der Flugplatzgastst\u00e4tte &#8222;La Locandina &#8220; am Flugplatz Gelnhausen statt.<\/em><\/strong><\/p>\n<div>\n<div>\n<div>\n<p class=\"p1\"><strong><span class=\"s1\">Liebe Fliegerkollegen,<\/span><\/strong><\/p>\n<p class=\"p1\"><strong><span class=\"s1\">\u00a0bevor in k\u00fcrze wiedermal v\u00f6llig unerwartet Weihnachten \u00fcber uns alle hereinbricht m\u00f6chte ich Euch noch einmal nach Gelnhausen einladen. Am kommenden Mittwoch um 19:30 referiert Helgi Todtenhaupt f\u00fcr uns. Er ist, was wir als &#8222;Spotter&#8220; kennen, fotographiert leidenschaftlich gern Flugzeuge und recherchiert bzw. dokumentiert deren Geschichte dazu. So hat er unter dem Titel &#8222;Gelandet in Gelnhausen&#8220; ein ganzes Buch ver\u00f6ffentlicht. Bereits letzets Jahr hat er uns in Ausz\u00fcgen sein Werk pr\u00e4sentiert, dieses Jahr gibt es die Fortsetzung. Zun\u00e4chst scheint das nicht sehr aufregend, Bilder von Flugzeugen zu sehen. Allerdings entstand beim Letzten Vortrag in K\u00fcrze eine faszinierende Atmosph\u00e4re: Jeder fand das seine oder ein Flugzeug wieder, das er kennt, das er schonmal geflogen oder besessen hat, konnte etwas zur Recherche beitragen, Geschichten wurden ausgetauscht &#8211; es war grandios! Das sollte man nicht verpassen&#8230;<\/span><\/strong><\/p>\n<p class=\"p1\"><strong><span class=\"s1\">Zum Abschluss f\u00fcr dieses Jahr m\u00f6chten wir alle noch einmal herzlich einladen an unserem Sonnenwendfeuer teilzuhaben. Die Tage werden (bald) wieder l\u00e4nger, das muss bei Fliegern gefeiert werden! Am Freitag den 18.12. werden wir deswegen auf der Terrasse unserer Gastst\u00e4tte ein gem\u00fctliches, gr\u00f6\u00dferes Lagerfeuer entfachen, unser Wirt bietet dazu ein kleines Buffet mit verschiedenen Gerichten an.<\/span><\/strong><\/p>\n<p class=\"p1\"><strong><span class=\"s1\">Wir freuen uns wie immer auf jeden Besucher!<\/span><\/strong><\/p>\n<p class=\"p1\"><strong><span class=\"s1\">Im neuen Jahr starten wir am 6.Januar wieder mit der Vortragsreihe, die wir bis in den M\u00e4rz hinein mit Themen f\u00fcllen konnten, hier ein kleiner Vorgeschmack:<\/span><\/strong><\/p>\n<p class=\"p1\"><strong><span class=\"s1\">Januar:<\/span><\/strong><\/p>\n<p class=\"p1\"><strong><span class=\"s1\">6.1. Martin Rulfs: Mit der Do 27 nach Afrika \u2013 auf Grzimeks Spuren<\/span><\/strong><\/p>\n<p class=\"p1\"><strong><span class=\"s1\">13.1. Marcus B\u00f6hnisch: Kollisonswarnsysteme\/Flarm<\/span><\/strong><\/p>\n<p class=\"p1\"><strong><span class=\"s1\">20.1. Benny Schaum; aus der aktuellen Reihe Flugmedizin: Angst als Gegner im Cockpit <\/span><\/strong><\/p>\n<p class=\"p1\"><strong><span class=\"s1\">27.1. IFR-Ausbildung: Klaus H\u00fcbschen\/Armin Reinhold<\/span><\/strong><\/p>\n<p class=\"p1\"><strong><span class=\"s1\">\u00a0<\/span><\/strong><\/p>\n<p class=\"p1\"><strong><span class=\"s1\">Februar<\/span><\/strong><\/p>\n<p class=\"p1\"><strong><span class=\"s1\">3.2. FASTNACHT\/ Kein Vortrag<\/span><\/strong><\/p>\n<p class=\"p1\"><strong><span class=\"s1\">10.2. Angela Bouhofer: DFS &#8211; Fluginformationsdienst \/ die andere Seite des Funkger\u00e4tes&#8230;<\/span><\/strong><\/p>\n<p class=\"p1\"><strong><span class=\"s1\">17.2. Arno St\u00f6hr: Flugvorbereitung \u00dcberlandfl\u00fcge; Refresher f\u00fcr Anf\u00e4nger und Fortgeschrittene<\/span><\/strong><\/p>\n<p class=\"p1\"><strong><span class=\"s1\">24.2 Klaus Arnodl: Alltag eines Berufspiloten im kanadischen Winter<\/span><\/strong><\/p>\n<p class=\"p1\"><strong><span class=\"s1\">\u00a0<\/span><\/strong><\/p>\n<p class=\"p1\"><strong><span class=\"s1\">M\u00e4rz<\/span><\/strong><\/p>\n<p class=\"p1\"><strong><span class=\"s1\">2.3. Manuel Bott: Rotax 912; Technische Informationen f\u00fcr Piloten<\/span><\/strong><\/p>\n<p class=\"p1\"><strong><span class=\"s1\">9.3. Volker Abend: CVFR Refresher\/GARMIN GNS 430<\/span><\/strong><\/p>\n<p class=\"p1\"><strong><span class=\"s1\">Weitere Termine bis Ende M\u00e4rz folgen, vorraussichtlich aus dem Themengebiet &#8222;Segelflug&#8220;<\/span><\/strong><\/p>\n<p class=\"p1\"><strong><span class=\"s1\">Beste Gr\u00fc\u00dfe aus EDFG<\/span><\/strong><\/p>\n<p class=\"p1\"><strong><span class=\"s1\">Benny Schaum<\/span><\/strong><\/p>\n<\/div>\n<div><\/div>\n<div>ARCHIV:<\/div>\n<div><\/div>\n<div>Liebe fliegerkollegen,<\/div>\n<p>am kommenden Mittwoch, 02.11.2015 um 19:30 haben wir f\u00fcr Euch Angela Bourhofe und Jens Beppler von der DFS\/FIS als Referenten gewinnen k\u00f6nnen. Ich freue mich auf Euren Besuch!<\/p>\n<p>&nbsp;<\/p>\n<\/div>\n<p>Mit besten Flieger-Gr\u00fc\u00dfen ins graue Novemberwetter&#8230;<\/p>\n<\/div>\n<p>Benny Schaum<\/p>\n<p>Am Mittwoch, den 18.11., ist es gelungen, einen besonderen Gast zu gewinnen: Filmemacher Dorian Schmid reist eigens aus Stuttgart an, um sein Werk &#8222;Flieger&#8220; vorzustellen. Der Film, der am Mittwoch auch gezeigt werden wird, handelt vom Leben des Wolfgang Dallach, einem der bekanntesten und wichtigsten Kunstflieger,\u00a0Konstrukteure und Vision\u00e4re der Fliegerszene in Deutschland. Kurz vor Abschluss der Arbeiten zum Film verungl\u00fcckte Wolfgang Dallach im Januar diesen Jahres bei einem Flugzeugabsturz t\u00f6dlich.<br \/>\nDer Film berichtet \u00fcber die H\u00f6hen und tiefen des beruflichen und fliegerischen\u00a0Lebens von Wolfgang Dallach in interessanter Weise.<\/p>\n<p>Der Aero Club freut sich auf Ihren Besuch!<\/p>\n<p>&nbsp;<\/p>\n<p>mit freundlichen Gr\u00fc\u00dfen,<\/p>\n<p>&nbsp;<\/p>\n<p>Dr. Benjamin Schaum, Vorsitzender des AC Gelnhausen<a href=\"http:\/\/www.acr-fulda.de\/wp-content\/uploads\/2015\/11\/Dallach.png\"><img loading=\"lazy\" decoding=\"async\" class=\"aligncenter size-full wp-image-292\" src=\"http:\/\/www.acr-fulda.de\/wp-content\/uploads\/2015\/11\/Dallach.png\" alt=\"Dallach\" width=\"765\" height=\"780\" srcset=\"https:\/\/acr-fulda.de\/wp-content\/uploads\/2015\/11\/Dallach.png 765w, https:\/\/acr-fulda.de\/wp-content\/uploads\/2015\/11\/Dallach-588x600.png 588w\" sizes=\"auto, (max-width: 765px) 100vw, 765px\" \/><\/a><\/p>\n","protected":false},"excerpt":{"rendered":"<p>Der Aero Club Gelnhausen bietet auch in diesem Winter wieder eine Vortragsreihe zu allen m\u00f6glichen Themen aus der Fliegerei an. Die Vortr\u00e4ge sind \u00f6ffentlich, die Teilnahme kostenlos, eingeladen sind nicht nur Piloten sondern alle Interessierten bzw. Flugbegeisterten. Die Veranstaltung findet bis zum 16.12. jeden Mittwoch\u00a0 um 19.30 Uhr in der Flugplatzgastst\u00e4tte &#8222;La Locandina &#8220; am [&hellip;]<\/p>\n","protected":false},"author":1,"featured_media":0,"comment_status":"open","ping_status":"open","sticky":false,"template":"","format":"standard","meta":{"_acf_changed":false,"wikipediapreview_detectlinks":true,"ngg_post_thumbnail":0,"footnotes":""},"categories":[1],"tags":[],"class_list":{"0":"post-291","1":"post","2":"type-post","3":"status-publish","4":"format-standard","6":"category-allgemein","7":"czr-hentry"},"acf":[],"yoast_head":"<!-- This site is optimized with the Yoast SEO plugin v26.6 - https:\/\/yoast.com\/wordpress\/plugins\/seo\/ -->\n<title>Vortragsreihe im Aero-Club Gelnhausen - Aeroclub Rh\u00f6n e.V. Fulda<\/title>\n<meta name=\"robots\" content=\"noindex, follow\" \/>\n<meta property=\"og:locale\" content=\"de_DE\" \/>\n<meta property=\"og:type\" content=\"article\" \/>\n<meta property=\"og:title\" content=\"Vortragsreihe im Aero-Club Gelnhausen - Aeroclub Rh\u00f6n e.V. Fulda\" \/>\n<meta property=\"og:description\" content=\"Der Aero Club Gelnhausen bietet auch in diesem Winter wieder eine Vortragsreihe zu allen m\u00f6glichen Themen aus der Fliegerei an. Die Vortr\u00e4ge sind \u00f6ffentlich, die Teilnahme kostenlos, eingeladen sind nicht nur Piloten sondern alle Interessierten bzw. Flugbegeisterten. Die Veranstaltung findet bis zum 16.12. jeden Mittwoch\u00a0 um 19.30 Uhr in der Flugplatzgastst\u00e4tte &#8222;La Locandina &#8220; am [&hellip;]\" \/>\n<meta property=\"og:url\" content=\"https:\/\/www.acr-fulda.de\/?p=291\" \/>\n<meta property=\"og:site_name\" content=\"Aeroclub Rh\u00f6n e.V. Fulda\" \/>\n<meta property=\"article:published_time\" content=\"2015-11-17T19:38:34+00:00\" \/>\n<meta property=\"article:modified_time\" content=\"2016-09-13T10:23:22+00:00\" \/>\n<meta property=\"og:image\" content=\"http:\/\/www.acr-fulda.de\/wp-content\/uploads\/2015\/11\/Dallach.png\" \/>\n<meta name=\"author\" content=\"Windgame\" \/>\n<meta name=\"twitter:card\" content=\"summary_large_image\" \/>\n<meta name=\"twitter:label1\" content=\"Verfasst von\" \/>\n\t<meta name=\"twitter:data1\" content=\"Windgame\" \/>\n\t<meta name=\"twitter:label2\" content=\"Gesch\u00e4tzte Lesezeit\" \/>\n\t<meta name=\"twitter:data2\" content=\"3\u00a0Minuten\" \/>\n<script type=\"application\/ld+json\" class=\"yoast-schema-graph\">{\"@context\":\"https:\/\/schema.org\",\"@graph\":[{\"@type\":\"Article\",\"@id\":\"https:\/\/www.acr-fulda.de\/?p=291#article\",\"isPartOf\":{\"@id\":\"https:\/\/www.acr-fulda.de\/?p=291\"},\"author\":{\"name\":\"Windgame\",\"@id\":\"https:\/\/www.acr-fulda.de\/#\/schema\/person\/3692e759d291a714ec6bb3a701f85993\"},\"headline\":\"Vortragsreihe im Aero-Club Gelnhausen\",\"datePublished\":\"2015-11-17T19:38:34+00:00\",\"dateModified\":\"2016-09-13T10:23:22+00:00\",\"mainEntityOfPage\":{\"@id\":\"https:\/\/www.acr-fulda.de\/?p=291\"},\"wordCount\":564,\"commentCount\":0,\"publisher\":{\"@id\":\"https:\/\/www.acr-fulda.de\/#organization\"},\"image\":{\"@id\":\"https:\/\/www.acr-fulda.de\/?p=291#primaryimage\"},\"thumbnailUrl\":\"http:\/\/www.acr-fulda.de\/wp-content\/uploads\/2015\/11\/Dallach.png\",\"inLanguage\":\"de\",\"potentialAction\":[{\"@type\":\"CommentAction\",\"name\":\"Comment\",\"target\":[\"https:\/\/www.acr-fulda.de\/?p=291#respond\"]}]},{\"@type\":\"WebPage\",\"@id\":\"https:\/\/www.acr-fulda.de\/?p=291\",\"url\":\"https:\/\/www.acr-fulda.de\/?p=291\",\"name\":\"Vortragsreihe im Aero-Club Gelnhausen - Aeroclub Rh\u00f6n e.V. Fulda\",\"isPartOf\":{\"@id\":\"https:\/\/www.acr-fulda.de\/#website\"},\"primaryImageOfPage\":{\"@id\":\"https:\/\/www.acr-fulda.de\/?p=291#primaryimage\"},\"image\":{\"@id\":\"https:\/\/www.acr-fulda.de\/?p=291#primaryimage\"},\"thumbnailUrl\":\"http:\/\/www.acr-fulda.de\/wp-content\/uploads\/2015\/11\/Dallach.png\",\"datePublished\":\"2015-11-17T19:38:34+00:00\",\"dateModified\":\"2016-09-13T10:23:22+00:00\",\"breadcrumb\":{\"@id\":\"https:\/\/www.acr-fulda.de\/?p=291#breadcrumb\"},\"inLanguage\":\"de\",\"potentialAction\":[{\"@type\":\"ReadAction\",\"target\":[\"https:\/\/www.acr-fulda.de\/?p=291\"]}]},{\"@type\":\"ImageObject\",\"inLanguage\":\"de\",\"@id\":\"https:\/\/www.acr-fulda.de\/?p=291#primaryimage\",\"url\":\"http:\/\/www.acr-fulda.de\/wp-content\/uploads\/2015\/11\/Dallach.png\",\"contentUrl\":\"http:\/\/www.acr-fulda.de\/wp-content\/uploads\/2015\/11\/Dallach.png\"},{\"@type\":\"BreadcrumbList\",\"@id\":\"https:\/\/www.acr-fulda.de\/?p=291#breadcrumb\",\"itemListElement\":[{\"@type\":\"ListItem\",\"position\":1,\"name\":\"Startseite\",\"item\":\"https:\/\/www.acr-fulda.de\/\"},{\"@type\":\"ListItem\",\"position\":2,\"name\":\"Vortragsreihe im Aero-Club Gelnhausen\"}]},{\"@type\":\"WebSite\",\"@id\":\"https:\/\/www.acr-fulda.de\/#website\",\"url\":\"https:\/\/www.acr-fulda.de\/\",\"name\":\"Aeroclub Rh\u00f6n e.V. Fulda\",\"description\":\"Segelfliegen, Einf\u00fchrungsfl\u00fcge, Flugschule am  Stadtrand von Fulda\",\"publisher\":{\"@id\":\"https:\/\/www.acr-fulda.de\/#organization\"},\"potentialAction\":[{\"@type\":\"SearchAction\",\"target\":{\"@type\":\"EntryPoint\",\"urlTemplate\":\"https:\/\/www.acr-fulda.de\/?s={search_term_string}\"},\"query-input\":{\"@type\":\"PropertyValueSpecification\",\"valueRequired\":true,\"valueName\":\"search_term_string\"}}],\"inLanguage\":\"de\"},{\"@type\":\"Organization\",\"@id\":\"https:\/\/www.acr-fulda.de\/#organization\",\"name\":\"Aeroclub Rh\u00f6n e.V. Fulda\",\"url\":\"https:\/\/www.acr-fulda.de\/\",\"logo\":{\"@type\":\"ImageObject\",\"inLanguage\":\"de\",\"@id\":\"https:\/\/www.acr-fulda.de\/#\/schema\/logo\/image\/\",\"url\":\"https:\/\/i0.wp.com\/www.acr-fulda.de\/wp-content\/uploads\/2015\/11\/ACR-Logo_MASK-e1482574119922.png?fit=128%2C128&ssl=1\",\"contentUrl\":\"https:\/\/i0.wp.com\/www.acr-fulda.de\/wp-content\/uploads\/2015\/11\/ACR-Logo_MASK-e1482574119922.png?fit=128%2C128&ssl=1\",\"width\":128,\"height\":128,\"caption\":\"Aeroclub Rh\u00f6n e.V. Fulda\"},\"image\":{\"@id\":\"https:\/\/www.acr-fulda.de\/#\/schema\/logo\/image\/\"}},{\"@type\":\"Person\",\"@id\":\"https:\/\/www.acr-fulda.de\/#\/schema\/person\/3692e759d291a714ec6bb3a701f85993\",\"name\":\"Windgame\",\"image\":{\"@type\":\"ImageObject\",\"inLanguage\":\"de\",\"@id\":\"https:\/\/www.acr-fulda.de\/#\/schema\/person\/image\/\",\"url\":\"https:\/\/secure.gravatar.com\/avatar\/b56536a62e577852181bcdd52b43cefc609b18145084def09605811725d0f7dd?s=96&d=mm&r=g\",\"contentUrl\":\"https:\/\/secure.gravatar.com\/avatar\/b56536a62e577852181bcdd52b43cefc609b18145084def09605811725d0f7dd?s=96&d=mm&r=g\",\"caption\":\"Windgame\"}}]}<\/script>\n<!-- \/ Yoast SEO plugin. -->","yoast_head_json":{"title":"Vortragsreihe im Aero-Club Gelnhausen - Aeroclub Rh\u00f6n e.V. Fulda","robots":{"index":"noindex","follow":"follow"},"og_locale":"de_DE","og_type":"article","og_title":"Vortragsreihe im Aero-Club Gelnhausen - Aeroclub Rh\u00f6n e.V. Fulda","og_description":"Der Aero Club Gelnhausen bietet auch in diesem Winter wieder eine Vortragsreihe zu allen m\u00f6glichen Themen aus der Fliegerei an. Die Vortr\u00e4ge sind \u00f6ffentlich, die Teilnahme kostenlos, eingeladen sind nicht nur Piloten sondern alle Interessierten bzw. Flugbegeisterten. Die Veranstaltung findet bis zum 16.12. jeden Mittwoch\u00a0 um 19.30 Uhr in der Flugplatzgastst\u00e4tte &#8222;La Locandina &#8220; am [&hellip;]","og_url":"https:\/\/www.acr-fulda.de\/?p=291","og_site_name":"Aeroclub Rh\u00f6n e.V. Fulda","article_published_time":"2015-11-17T19:38:34+00:00","article_modified_time":"2016-09-13T10:23:22+00:00","og_image":[{"url":"http:\/\/www.acr-fulda.de\/wp-content\/uploads\/2015\/11\/Dallach.png","type":"","width":"","height":""}],"author":"Windgame","twitter_card":"summary_large_image","twitter_misc":{"Verfasst von":"Windgame","Gesch\u00e4tzte Lesezeit":"3\u00a0Minuten"},"schema":{"@context":"https:\/\/schema.org","@graph":[{"@type":"Article","@id":"https:\/\/www.acr-fulda.de\/?p=291#article","isPartOf":{"@id":"https:\/\/www.acr-fulda.de\/?p=291"},"author":{"name":"Windgame","@id":"https:\/\/www.acr-fulda.de\/#\/schema\/person\/3692e759d291a714ec6bb3a701f85993"},"headline":"Vortragsreihe im Aero-Club Gelnhausen","datePublished":"2015-11-17T19:38:34+00:00","dateModified":"2016-09-13T10:23:22+00:00","mainEntityOfPage":{"@id":"https:\/\/www.acr-fulda.de\/?p=291"},"wordCount":564,"commentCount":0,"publisher":{"@id":"https:\/\/www.acr-fulda.de\/#organization"},"image":{"@id":"https:\/\/www.acr-fulda.de\/?p=291#primaryimage"},"thumbnailUrl":"http:\/\/www.acr-fulda.de\/wp-content\/uploads\/2015\/11\/Dallach.png","inLanguage":"de","potentialAction":[{"@type":"CommentAction","name":"Comment","target":["https:\/\/www.acr-fulda.de\/?p=291#respond"]}]},{"@type":"WebPage","@id":"https:\/\/www.acr-fulda.de\/?p=291","url":"https:\/\/www.acr-fulda.de\/?p=291","name":"Vortragsreihe im Aero-Club Gelnhausen - Aeroclub Rh\u00f6n e.V. Fulda","isPartOf":{"@id":"https:\/\/www.acr-fulda.de\/#website"},"primaryImageOfPage":{"@id":"https:\/\/www.acr-fulda.de\/?p=291#primaryimage"},"image":{"@id":"https:\/\/www.acr-fulda.de\/?p=291#primaryimage"},"thumbnailUrl":"http:\/\/www.acr-fulda.de\/wp-content\/uploads\/2015\/11\/Dallach.png","datePublished":"2015-11-17T19:38:34+00:00","dateModified":"2016-09-13T10:23:22+00:00","breadcrumb":{"@id":"https:\/\/www.acr-fulda.de\/?p=291#breadcrumb"},"inLanguage":"de","potentialAction":[{"@type":"ReadAction","target":["https:\/\/www.acr-fulda.de\/?p=291"]}]},{"@type":"ImageObject","inLanguage":"de","@id":"https:\/\/www.acr-fulda.de\/?p=291#primaryimage","url":"http:\/\/www.acr-fulda.de\/wp-content\/uploads\/2015\/11\/Dallach.png","contentUrl":"http:\/\/www.acr-fulda.de\/wp-content\/uploads\/2015\/11\/Dallach.png"},{"@type":"BreadcrumbList","@id":"https:\/\/www.acr-fulda.de\/?p=291#breadcrumb","itemListElement":[{"@type":"ListItem","position":1,"name":"Startseite","item":"https:\/\/www.acr-fulda.de\/"},{"@type":"ListItem","position":2,"name":"Vortragsreihe im Aero-Club Gelnhausen"}]},{"@type":"WebSite","@id":"https:\/\/www.acr-fulda.de\/#website","url":"https:\/\/www.acr-fulda.de\/","name":"Aeroclub Rh\u00f6n e.V. Fulda","description":"Segelfliegen, Einf\u00fchrungsfl\u00fcge, Flugschule am  Stadtrand von Fulda","publisher":{"@id":"https:\/\/www.acr-fulda.de\/#organization"},"potentialAction":[{"@type":"SearchAction","target":{"@type":"EntryPoint","urlTemplate":"https:\/\/www.acr-fulda.de\/?s={search_term_string}"},"query-input":{"@type":"PropertyValueSpecification","valueRequired":true,"valueName":"search_term_string"}}],"inLanguage":"de"},{"@type":"Organization","@id":"https:\/\/www.acr-fulda.de\/#organization","name":"Aeroclub Rh\u00f6n e.V. Fulda","url":"https:\/\/www.acr-fulda.de\/","logo":{"@type":"ImageObject","inLanguage":"de","@id":"https:\/\/www.acr-fulda.de\/#\/schema\/logo\/image\/","url":"https:\/\/i0.wp.com\/www.acr-fulda.de\/wp-content\/uploads\/2015\/11\/ACR-Logo_MASK-e1482574119922.png?fit=128%2C128&ssl=1","contentUrl":"https:\/\/i0.wp.com\/www.acr-fulda.de\/wp-content\/uploads\/2015\/11\/ACR-Logo_MASK-e1482574119922.png?fit=128%2C128&ssl=1","width":128,"height":128,"caption":"Aeroclub Rh\u00f6n e.V. Fulda"},"image":{"@id":"https:\/\/www.acr-fulda.de\/#\/schema\/logo\/image\/"}},{"@type":"Person","@id":"https:\/\/www.acr-fulda.de\/#\/schema\/person\/3692e759d291a714ec6bb3a701f85993","name":"Windgame","image":{"@type":"ImageObject","inLanguage":"de","@id":"https:\/\/www.acr-fulda.de\/#\/schema\/person\/image\/","url":"https:\/\/secure.gravatar.com\/avatar\/b56536a62e577852181bcdd52b43cefc609b18145084def09605811725d0f7dd?s=96&d=mm&r=g","contentUrl":"https:\/\/secure.gravatar.com\/avatar\/b56536a62e577852181bcdd52b43cefc609b18145084def09605811725d0f7dd?s=96&d=mm&r=g","caption":"Windgame"}}]}},"_links":{"self":[{"href":"https:\/\/www.acr-fulda.de\/index.php?rest_route=\/wp\/v2\/posts\/291","targetHints":{"allow":["GET"]}}],"collection":[{"href":"https:\/\/www.acr-fulda.de\/index.php?rest_route=\/wp\/v2\/posts"}],"about":[{"href":"https:\/\/www.acr-fulda.de\/index.php?rest_route=\/wp\/v2\/types\/post"}],"author":[{"embeddable":true,"href":"https:\/\/www.acr-fulda.de\/index.php?rest_route=\/wp\/v2\/users\/1"}],"replies":[{"embeddable":true,"href":"https:\/\/www.acr-fulda.de\/index.php?rest_route=%2Fwp%2Fv2%2Fcomments&post=291"}],"version-history":[{"count":5,"href":"https:\/\/www.acr-fulda.de\/index.php?rest_route=\/wp\/v2\/posts\/291\/revisions"}],"predecessor-version":[{"id":305,"href":"https:\/\/www.acr-fulda.de\/index.php?rest_route=\/wp\/v2\/posts\/291\/revisions\/305"}],"wp:attachment":[{"href":"https:\/\/www.acr-fulda.de\/index.php?rest_route=%2Fwp%2Fv2%2Fmedia&parent=291"}],"wp:term":[{"taxonomy":"category","embeddable":true,"href":"https:\/\/www.acr-fulda.de\/index.php?rest_route=%2Fwp%2Fv2%2Fcategories&post=291"},{"taxonomy":"post_tag","embeddable":true,"href":"https:\/\/www.acr-fulda.de\/index.php?rest_route=%2Fwp%2Fv2%2Ftags&post=291"}],"curies":[{"name":"wp","href":"https:\/\/api.w.org\/{rel}","templated":true}]}}