{"id":248,"date":"2015-07-24T21:14:31","date_gmt":"2015-07-24T19:14:31","guid":{"rendered":"http:\/\/www.acr-fulda.de\/?p=248"},"modified":"2015-07-26T08:20:47","modified_gmt":"2015-07-26T06:20:47","slug":"flugtag-2015","status":"publish","type":"post","link":"https:\/\/www.acr-fulda.de\/?p=248","title":{"rendered":"Flugwoche 2015"},"content":{"rendered":"<p>Von Montag, 27.07.2015 bis Freitag, 31.07.2015 findet unsere diesj\u00e4hrige Flugwoche statt.<\/p>\n<p>Wir treffen uns jeweils ab ca. 09.00 Uhr zum Ausr\u00e4umen und anschlie\u00dfendem Flug- und Schulungsbetrieb.<\/p>\n<p>Flugsch\u00fcler bitte auch &#8211; mit Ausnahme von Regen und Sturm &#8211; bei Wetterlagen kommen, bei denen zwar\u00a0keine Thermikfl\u00fcge m\u00f6glich sind, jedoch hervorragendes Platzrundenwetter (Winde &#8211; Starts &#8211; Landungen)\u00a0vorherrscht.<\/p>\n<p>Geplant ist in dieser Woche wieder ein gemeinsames Fr\u00fchst\u00fcck. Der dazugeh\u00f6rige Termin und Details\u00a0werden am Montag, 27.07.2015 abgestimmt.<\/p>\n<p>Gegrillt wird nach Einzelabsprache an den jeweiligen Flugtagen &#8211; je nach Wetterlage.<\/p>\n<p>Wir hoffen an allen genannten Terminen auf rege Beteiligung.<\/p>\n","protected":false},"excerpt":{"rendered":"<p>Von Montag, 27.07.2015 bis Freitag, 31.07.2015 findet unsere diesj\u00e4hrige Flugwoche statt. Wir treffen uns jeweils ab ca. 09.00 Uhr zum Ausr\u00e4umen und anschlie\u00dfendem Flug- und Schulungsbetrieb. Flugsch\u00fcler bitte auch &#8211; mit Ausnahme von Regen und Sturm &#8211; bei Wetterlagen kommen, bei denen zwar\u00a0keine Thermikfl\u00fcge m\u00f6glich sind, jedoch hervorragendes Platzrundenwetter (Winde &#8211; Starts &#8211; Landungen)\u00a0vorherrscht. Geplant [&hellip;]<\/p>\n","protected":false},"author":1,"featured_media":0,"comment_status":"open","ping_status":"open","sticky":false,"template":"","format":"aside","meta":{"_acf_changed":false,"wikipediapreview_detectlinks":true,"ngg_post_thumbnail":0,"footnotes":""},"categories":[1],"tags":[],"class_list":{"0":"post-248","1":"post","2":"type-post","3":"status-publish","4":"format-aside","6":"category-allgemein","7":"post_format-post-format-aside","8":"czr-hentry"},"acf":[],"yoast_head":"<!-- This site is optimized with the Yoast SEO plugin v26.6 - https:\/\/yoast.com\/wordpress\/plugins\/seo\/ -->\n<title>Flugwoche 2015 - Aeroclub Rh\u00f6n e.V. Fulda<\/title>\n<meta name=\"robots\" content=\"noindex, follow\" \/>\n<meta property=\"og:locale\" content=\"de_DE\" \/>\n<meta property=\"og:type\" content=\"article\" \/>\n<meta property=\"og:title\" content=\"Flugwoche 2015 - Aeroclub Rh\u00f6n e.V. Fulda\" \/>\n<meta property=\"og:description\" content=\"Von Montag, 27.07.2015 bis Freitag, 31.07.2015 findet unsere diesj\u00e4hrige Flugwoche statt. Wir treffen uns jeweils ab ca. 09.00 Uhr zum Ausr\u00e4umen und anschlie\u00dfendem Flug- und Schulungsbetrieb. Flugsch\u00fcler bitte auch &#8211; mit Ausnahme von Regen und Sturm &#8211; bei Wetterlagen kommen, bei denen zwar\u00a0keine Thermikfl\u00fcge m\u00f6glich sind, jedoch hervorragendes Platzrundenwetter (Winde &#8211; Starts &#8211; Landungen)\u00a0vorherrscht. Geplant [&hellip;]\" \/>\n<meta property=\"og:url\" content=\"https:\/\/www.acr-fulda.de\/?p=248\" \/>\n<meta property=\"og:site_name\" content=\"Aeroclub Rh\u00f6n e.V. Fulda\" \/>\n<meta property=\"article:published_time\" content=\"2015-07-24T19:14:31+00:00\" \/>\n<meta property=\"article:modified_time\" content=\"2015-07-26T06:20:47+00:00\" \/>\n<meta name=\"author\" content=\"Windgame\" \/>\n<meta name=\"twitter:card\" content=\"summary_large_image\" \/>\n<meta name=\"twitter:label1\" content=\"Verfasst von\" \/>\n\t<meta name=\"twitter:data1\" content=\"Windgame\" \/>\n\t<meta name=\"twitter:label2\" content=\"Gesch\u00e4tzte Lesezeit\" \/>\n\t<meta name=\"twitter:data2\" content=\"1\u00a0Minute\" \/>\n<script type=\"application\/ld+json\" class=\"yoast-schema-graph\">{\"@context\":\"https:\/\/schema.org\",\"@graph\":[{\"@type\":\"Article\",\"@id\":\"https:\/\/www.acr-fulda.de\/?p=248#article\",\"isPartOf\":{\"@id\":\"https:\/\/www.acr-fulda.de\/?p=248\"},\"author\":{\"name\":\"Windgame\",\"@id\":\"https:\/\/www.acr-fulda.de\/#\/schema\/person\/3692e759d291a714ec6bb3a701f85993\"},\"headline\":\"Flugwoche 2015\",\"datePublished\":\"2015-07-24T19:14:31+00:00\",\"dateModified\":\"2015-07-26T06:20:47+00:00\",\"mainEntityOfPage\":{\"@id\":\"https:\/\/www.acr-fulda.de\/?p=248\"},\"wordCount\":102,\"commentCount\":0,\"publisher\":{\"@id\":\"https:\/\/www.acr-fulda.de\/#organization\"},\"inLanguage\":\"de\",\"potentialAction\":[{\"@type\":\"CommentAction\",\"name\":\"Comment\",\"target\":[\"https:\/\/www.acr-fulda.de\/?p=248#respond\"]}]},{\"@type\":\"WebPage\",\"@id\":\"https:\/\/www.acr-fulda.de\/?p=248\",\"url\":\"https:\/\/www.acr-fulda.de\/?p=248\",\"name\":\"Flugwoche 2015 - Aeroclub Rh\u00f6n e.V. Fulda\",\"isPartOf\":{\"@id\":\"https:\/\/www.acr-fulda.de\/#website\"},\"datePublished\":\"2015-07-24T19:14:31+00:00\",\"dateModified\":\"2015-07-26T06:20:47+00:00\",\"breadcrumb\":{\"@id\":\"https:\/\/www.acr-fulda.de\/?p=248#breadcrumb\"},\"inLanguage\":\"de\",\"potentialAction\":[{\"@type\":\"ReadAction\",\"target\":[\"https:\/\/www.acr-fulda.de\/?p=248\"]}]},{\"@type\":\"BreadcrumbList\",\"@id\":\"https:\/\/www.acr-fulda.de\/?p=248#breadcrumb\",\"itemListElement\":[{\"@type\":\"ListItem\",\"position\":1,\"name\":\"Startseite\",\"item\":\"https:\/\/www.acr-fulda.de\/\"},{\"@type\":\"ListItem\",\"position\":2,\"name\":\"Flugwoche 2015\"}]},{\"@type\":\"WebSite\",\"@id\":\"https:\/\/www.acr-fulda.de\/#website\",\"url\":\"https:\/\/www.acr-fulda.de\/\",\"name\":\"Aeroclub Rh\u00f6n e.V. Fulda\",\"description\":\"Segelfliegen, Einf\u00fchrungsfl\u00fcge, Flugschule am  Stadtrand von Fulda\",\"publisher\":{\"@id\":\"https:\/\/www.acr-fulda.de\/#organization\"},\"potentialAction\":[{\"@type\":\"SearchAction\",\"target\":{\"@type\":\"EntryPoint\",\"urlTemplate\":\"https:\/\/www.acr-fulda.de\/?s={search_term_string}\"},\"query-input\":{\"@type\":\"PropertyValueSpecification\",\"valueRequired\":true,\"valueName\":\"search_term_string\"}}],\"inLanguage\":\"de\"},{\"@type\":\"Organization\",\"@id\":\"https:\/\/www.acr-fulda.de\/#organization\",\"name\":\"Aeroclub Rh\u00f6n e.V. Fulda\",\"url\":\"https:\/\/www.acr-fulda.de\/\",\"logo\":{\"@type\":\"ImageObject\",\"inLanguage\":\"de\",\"@id\":\"https:\/\/www.acr-fulda.de\/#\/schema\/logo\/image\/\",\"url\":\"https:\/\/i0.wp.com\/www.acr-fulda.de\/wp-content\/uploads\/2015\/11\/ACR-Logo_MASK-e1482574119922.png?fit=128%2C128&ssl=1\",\"contentUrl\":\"https:\/\/i0.wp.com\/www.acr-fulda.de\/wp-content\/uploads\/2015\/11\/ACR-Logo_MASK-e1482574119922.png?fit=128%2C128&ssl=1\",\"width\":128,\"height\":128,\"caption\":\"Aeroclub Rh\u00f6n e.V. Fulda\"},\"image\":{\"@id\":\"https:\/\/www.acr-fulda.de\/#\/schema\/logo\/image\/\"}},{\"@type\":\"Person\",\"@id\":\"https:\/\/www.acr-fulda.de\/#\/schema\/person\/3692e759d291a714ec6bb3a701f85993\",\"name\":\"Windgame\",\"image\":{\"@type\":\"ImageObject\",\"inLanguage\":\"de\",\"@id\":\"https:\/\/www.acr-fulda.de\/#\/schema\/person\/image\/\",\"url\":\"https:\/\/secure.gravatar.com\/avatar\/b56536a62e577852181bcdd52b43cefc609b18145084def09605811725d0f7dd?s=96&d=mm&r=g\",\"contentUrl\":\"https:\/\/secure.gravatar.com\/avatar\/b56536a62e577852181bcdd52b43cefc609b18145084def09605811725d0f7dd?s=96&d=mm&r=g\",\"caption\":\"Windgame\"}}]}<\/script>\n<!-- \/ Yoast SEO plugin. -->","yoast_head_json":{"title":"Flugwoche 2015 - Aeroclub Rh\u00f6n e.V. Fulda","robots":{"index":"noindex","follow":"follow"},"og_locale":"de_DE","og_type":"article","og_title":"Flugwoche 2015 - Aeroclub Rh\u00f6n e.V. Fulda","og_description":"Von Montag, 27.07.2015 bis Freitag, 31.07.2015 findet unsere diesj\u00e4hrige Flugwoche statt. Wir treffen uns jeweils ab ca. 09.00 Uhr zum Ausr\u00e4umen und anschlie\u00dfendem Flug- und Schulungsbetrieb. Flugsch\u00fcler bitte auch &#8211; mit Ausnahme von Regen und Sturm &#8211; bei Wetterlagen kommen, bei denen zwar\u00a0keine Thermikfl\u00fcge m\u00f6glich sind, jedoch hervorragendes Platzrundenwetter (Winde &#8211; Starts &#8211; Landungen)\u00a0vorherrscht. Geplant [&hellip;]","og_url":"https:\/\/www.acr-fulda.de\/?p=248","og_site_name":"Aeroclub Rh\u00f6n e.V. Fulda","article_published_time":"2015-07-24T19:14:31+00:00","article_modified_time":"2015-07-26T06:20:47+00:00","author":"Windgame","twitter_card":"summary_large_image","twitter_misc":{"Verfasst von":"Windgame","Gesch\u00e4tzte Lesezeit":"1\u00a0Minute"},"schema":{"@context":"https:\/\/schema.org","@graph":[{"@type":"Article","@id":"https:\/\/www.acr-fulda.de\/?p=248#article","isPartOf":{"@id":"https:\/\/www.acr-fulda.de\/?p=248"},"author":{"name":"Windgame","@id":"https:\/\/www.acr-fulda.de\/#\/schema\/person\/3692e759d291a714ec6bb3a701f85993"},"headline":"Flugwoche 2015","datePublished":"2015-07-24T19:14:31+00:00","dateModified":"2015-07-26T06:20:47+00:00","mainEntityOfPage":{"@id":"https:\/\/www.acr-fulda.de\/?p=248"},"wordCount":102,"commentCount":0,"publisher":{"@id":"https:\/\/www.acr-fulda.de\/#organization"},"inLanguage":"de","potentialAction":[{"@type":"CommentAction","name":"Comment","target":["https:\/\/www.acr-fulda.de\/?p=248#respond"]}]},{"@type":"WebPage","@id":"https:\/\/www.acr-fulda.de\/?p=248","url":"https:\/\/www.acr-fulda.de\/?p=248","name":"Flugwoche 2015 - Aeroclub Rh\u00f6n e.V. Fulda","isPartOf":{"@id":"https:\/\/www.acr-fulda.de\/#website"},"datePublished":"2015-07-24T19:14:31+00:00","dateModified":"2015-07-26T06:20:47+00:00","breadcrumb":{"@id":"https:\/\/www.acr-fulda.de\/?p=248#breadcrumb"},"inLanguage":"de","potentialAction":[{"@type":"ReadAction","target":["https:\/\/www.acr-fulda.de\/?p=248"]}]},{"@type":"BreadcrumbList","@id":"https:\/\/www.acr-fulda.de\/?p=248#breadcrumb","itemListElement":[{"@type":"ListItem","position":1,"name":"Startseite","item":"https:\/\/www.acr-fulda.de\/"},{"@type":"ListItem","position":2,"name":"Flugwoche 2015"}]},{"@type":"WebSite","@id":"https:\/\/www.acr-fulda.de\/#website","url":"https:\/\/www.acr-fulda.de\/","name":"Aeroclub Rh\u00f6n e.V. Fulda","description":"Segelfliegen, Einf\u00fchrungsfl\u00fcge, Flugschule am  Stadtrand von Fulda","publisher":{"@id":"https:\/\/www.acr-fulda.de\/#organization"},"potentialAction":[{"@type":"SearchAction","target":{"@type":"EntryPoint","urlTemplate":"https:\/\/www.acr-fulda.de\/?s={search_term_string}"},"query-input":{"@type":"PropertyValueSpecification","valueRequired":true,"valueName":"search_term_string"}}],"inLanguage":"de"},{"@type":"Organization","@id":"https:\/\/www.acr-fulda.de\/#organization","name":"Aeroclub Rh\u00f6n e.V. Fulda","url":"https:\/\/www.acr-fulda.de\/","logo":{"@type":"ImageObject","inLanguage":"de","@id":"https:\/\/www.acr-fulda.de\/#\/schema\/logo\/image\/","url":"https:\/\/i0.wp.com\/www.acr-fulda.de\/wp-content\/uploads\/2015\/11\/ACR-Logo_MASK-e1482574119922.png?fit=128%2C128&ssl=1","contentUrl":"https:\/\/i0.wp.com\/www.acr-fulda.de\/wp-content\/uploads\/2015\/11\/ACR-Logo_MASK-e1482574119922.png?fit=128%2C128&ssl=1","width":128,"height":128,"caption":"Aeroclub Rh\u00f6n e.V. Fulda"},"image":{"@id":"https:\/\/www.acr-fulda.de\/#\/schema\/logo\/image\/"}},{"@type":"Person","@id":"https:\/\/www.acr-fulda.de\/#\/schema\/person\/3692e759d291a714ec6bb3a701f85993","name":"Windgame","image":{"@type":"ImageObject","inLanguage":"de","@id":"https:\/\/www.acr-fulda.de\/#\/schema\/person\/image\/","url":"https:\/\/secure.gravatar.com\/avatar\/b56536a62e577852181bcdd52b43cefc609b18145084def09605811725d0f7dd?s=96&d=mm&r=g","contentUrl":"https:\/\/secure.gravatar.com\/avatar\/b56536a62e577852181bcdd52b43cefc609b18145084def09605811725d0f7dd?s=96&d=mm&r=g","caption":"Windgame"}}]}},"_links":{"self":[{"href":"https:\/\/www.acr-fulda.de\/index.php?rest_route=\/wp\/v2\/posts\/248","targetHints":{"allow":["GET"]}}],"collection":[{"href":"https:\/\/www.acr-fulda.de\/index.php?rest_route=\/wp\/v2\/posts"}],"about":[{"href":"https:\/\/www.acr-fulda.de\/index.php?rest_route=\/wp\/v2\/types\/post"}],"author":[{"embeddable":true,"href":"https:\/\/www.acr-fulda.de\/index.php?rest_route=\/wp\/v2\/users\/1"}],"replies":[{"embeddable":true,"href":"https:\/\/www.acr-fulda.de\/index.php?rest_route=%2Fwp%2Fv2%2Fcomments&post=248"}],"version-history":[{"count":2,"href":"https:\/\/www.acr-fulda.de\/index.php?rest_route=\/wp\/v2\/posts\/248\/revisions"}],"predecessor-version":[{"id":252,"href":"https:\/\/www.acr-fulda.de\/index.php?rest_route=\/wp\/v2\/posts\/248\/revisions\/252"}],"wp:attachment":[{"href":"https:\/\/www.acr-fulda.de\/index.php?rest_route=%2Fwp%2Fv2%2Fmedia&parent=248"}],"wp:term":[{"taxonomy":"category","embeddable":true,"href":"https:\/\/www.acr-fulda.de\/index.php?rest_route=%2Fwp%2Fv2%2Fcategories&post=248"},{"taxonomy":"post_tag","embeddable":true,"href":"https:\/\/www.acr-fulda.de\/index.php?rest_route=%2Fwp%2Fv2%2Ftags&post=248"}],"curies":[{"name":"wp","href":"https:\/\/api.w.org\/{rel}","templated":true}]}}