{"id":187,"date":"2015-07-24T15:55:24","date_gmt":"2015-07-24T13:55:24","guid":{"rendered":"http:\/\/www.acr-fulda.de\/?p=187"},"modified":"2015-07-25T07:40:37","modified_gmt":"2015-07-25T05:40:37","slug":"landebahnsanierung","status":"publish","type":"post","link":"https:\/\/www.acr-fulda.de\/?p=187","title":{"rendered":"Landebahnsanierung"},"content":{"rendered":"<p><a href=\"http:\/\/www.acr-fulda.de\/wp-content\/uploads\/2015\/07\/image.jpg\"><img loading=\"lazy\" decoding=\"async\" class=\"aligncenter size-large wp-image-250\" src=\"http:\/\/www.acr-fulda.de\/wp-content\/uploads\/2015\/07\/image-2048x1536.jpg\" alt=\"image\" width=\"1170\" height=\"878\" \/><\/a><a href=\"http:\/\/www.acr-fulda.de\/wp-content\/uploads\/2015\/07\/Landebahnsanierung.jpg\"><img loading=\"lazy\" decoding=\"async\" class=\"aligncenter size-full wp-image-191\" src=\"http:\/\/www.acr-fulda.de\/wp-content\/uploads\/2015\/07\/Landebahnsanierung.jpg\" alt=\"Landebahnsanierung\" width=\"1000\" height=\"427\" srcset=\"https:\/\/acr-fulda.de\/wp-content\/uploads\/2015\/07\/Landebahnsanierung.jpg 1000w, https:\/\/acr-fulda.de\/wp-content\/uploads\/2015\/07\/Landebahnsanierung-800x342.jpg 800w\" sizes=\"auto, (max-width: 1000px) 100vw, 1000px\" \/><\/a>Aufgrund einer erforderlichen Massnahme zur Optimierung der Ausf\u00fchrung unserer Landebahnmarkierungen kann am 25. Juli 2015 kein Flugbetrieb statt finden.<\/p>\n<p>Da wir mit schwerem Bauger\u00e4t und hohem Personalaufwand auf der Landebahn aktiv sind, k\u00f6nnen weder Starts noch Landungen durchgef\u00fchrt werden.<\/p>\n<p><b>Wegen der Wichtigkeit der erfolgreichen Umsetzung der Massnahme sind alle Vereinsmitglieder DRINGEND aufgefordert, rechtzeitig um 0700 Uhr (Lokalzeit!!!) am Flugplatz zu erscheinen.\u00a0<\/b>Arbeitstaugliche Bekleidung, festes Schuhwerk und Arbeitshandschuhe sollten mitgebracht werden.<\/p>\n<p>Bei termingerechter Zielerreichung (vor 18:00 Uhr) und geeignetem Wetter wird anschliessend gegrillt.<\/p>\n<p>&nbsp;<\/p>\n<p>&nbsp;<\/p>\n","protected":false},"excerpt":{"rendered":"<p>Aufgrund einer erforderlichen Massnahme zur Optimierung der Ausf\u00fchrung unserer Landebahnmarkierungen kann am 25. Juli 2015 kein Flugbetrieb statt finden. Da wir mit schwerem Bauger\u00e4t und hohem Personalaufwand auf der Landebahn aktiv sind, k\u00f6nnen weder Starts noch Landungen durchgef\u00fchrt werden. Wegen der Wichtigkeit der erfolgreichen Umsetzung der Massnahme sind alle Vereinsmitglieder DRINGEND aufgefordert, rechtzeitig um 0700 [&hellip;]<\/p>\n","protected":false},"author":1,"featured_media":0,"comment_status":"open","ping_status":"open","sticky":false,"template":"","format":"standard","meta":{"_acf_changed":false,"wikipediapreview_detectlinks":true,"ngg_post_thumbnail":0,"footnotes":""},"categories":[1],"tags":[],"class_list":{"0":"post-187","1":"post","2":"type-post","3":"status-publish","4":"format-standard","6":"category-allgemein","7":"czr-hentry"},"acf":[],"yoast_head":"<!-- This site is optimized with the Yoast SEO plugin v26.6 - https:\/\/yoast.com\/wordpress\/plugins\/seo\/ -->\n<title>Landebahnsanierung - Aeroclub Rh\u00f6n e.V. Fulda<\/title>\n<meta name=\"robots\" content=\"noindex, follow\" \/>\n<meta property=\"og:locale\" content=\"de_DE\" \/>\n<meta property=\"og:type\" content=\"article\" \/>\n<meta property=\"og:title\" content=\"Landebahnsanierung - Aeroclub Rh\u00f6n e.V. Fulda\" \/>\n<meta property=\"og:description\" content=\"Aufgrund einer erforderlichen Massnahme zur Optimierung der Ausf\u00fchrung unserer Landebahnmarkierungen kann am 25. Juli 2015 kein Flugbetrieb statt finden. Da wir mit schwerem Bauger\u00e4t und hohem Personalaufwand auf der Landebahn aktiv sind, k\u00f6nnen weder Starts noch Landungen durchgef\u00fchrt werden. Wegen der Wichtigkeit der erfolgreichen Umsetzung der Massnahme sind alle Vereinsmitglieder DRINGEND aufgefordert, rechtzeitig um 0700 [&hellip;]\" \/>\n<meta property=\"og:url\" content=\"https:\/\/www.acr-fulda.de\/?p=187\" \/>\n<meta property=\"og:site_name\" content=\"Aeroclub Rh\u00f6n e.V. Fulda\" \/>\n<meta property=\"article:published_time\" content=\"2015-07-24T13:55:24+00:00\" \/>\n<meta property=\"article:modified_time\" content=\"2015-07-25T05:40:37+00:00\" \/>\n<meta property=\"og:image\" content=\"http:\/\/www.acr-fulda.de\/wp-content\/uploads\/2015\/07\/image-2048x1536.jpg\" \/>\n<meta name=\"author\" content=\"Windgame\" \/>\n<meta name=\"twitter:card\" content=\"summary_large_image\" \/>\n<meta name=\"twitter:label1\" content=\"Verfasst von\" \/>\n\t<meta name=\"twitter:data1\" content=\"Windgame\" \/>\n<script type=\"application\/ld+json\" class=\"yoast-schema-graph\">{\"@context\":\"https:\/\/schema.org\",\"@graph\":[{\"@type\":\"Article\",\"@id\":\"https:\/\/www.acr-fulda.de\/?p=187#article\",\"isPartOf\":{\"@id\":\"https:\/\/www.acr-fulda.de\/?p=187\"},\"author\":{\"name\":\"Windgame\",\"@id\":\"https:\/\/www.acr-fulda.de\/#\/schema\/person\/3692e759d291a714ec6bb3a701f85993\"},\"headline\":\"Landebahnsanierung\",\"datePublished\":\"2015-07-24T13:55:24+00:00\",\"dateModified\":\"2015-07-25T05:40:37+00:00\",\"mainEntityOfPage\":{\"@id\":\"https:\/\/www.acr-fulda.de\/?p=187\"},\"wordCount\":85,\"commentCount\":0,\"publisher\":{\"@id\":\"https:\/\/www.acr-fulda.de\/#organization\"},\"image\":{\"@id\":\"https:\/\/www.acr-fulda.de\/?p=187#primaryimage\"},\"thumbnailUrl\":\"http:\/\/www.acr-fulda.de\/wp-content\/uploads\/2015\/07\/image-2048x1536.jpg\",\"inLanguage\":\"de\",\"potentialAction\":[{\"@type\":\"CommentAction\",\"name\":\"Comment\",\"target\":[\"https:\/\/www.acr-fulda.de\/?p=187#respond\"]}]},{\"@type\":\"WebPage\",\"@id\":\"https:\/\/www.acr-fulda.de\/?p=187\",\"url\":\"https:\/\/www.acr-fulda.de\/?p=187\",\"name\":\"Landebahnsanierung - Aeroclub Rh\u00f6n e.V. Fulda\",\"isPartOf\":{\"@id\":\"https:\/\/www.acr-fulda.de\/#website\"},\"primaryImageOfPage\":{\"@id\":\"https:\/\/www.acr-fulda.de\/?p=187#primaryimage\"},\"image\":{\"@id\":\"https:\/\/www.acr-fulda.de\/?p=187#primaryimage\"},\"thumbnailUrl\":\"http:\/\/www.acr-fulda.de\/wp-content\/uploads\/2015\/07\/image-2048x1536.jpg\",\"datePublished\":\"2015-07-24T13:55:24+00:00\",\"dateModified\":\"2015-07-25T05:40:37+00:00\",\"breadcrumb\":{\"@id\":\"https:\/\/www.acr-fulda.de\/?p=187#breadcrumb\"},\"inLanguage\":\"de\",\"potentialAction\":[{\"@type\":\"ReadAction\",\"target\":[\"https:\/\/www.acr-fulda.de\/?p=187\"]}]},{\"@type\":\"ImageObject\",\"inLanguage\":\"de\",\"@id\":\"https:\/\/www.acr-fulda.de\/?p=187#primaryimage\",\"url\":\"http:\/\/www.acr-fulda.de\/wp-content\/uploads\/2015\/07\/image-2048x1536.jpg\",\"contentUrl\":\"http:\/\/www.acr-fulda.de\/wp-content\/uploads\/2015\/07\/image-2048x1536.jpg\"},{\"@type\":\"BreadcrumbList\",\"@id\":\"https:\/\/www.acr-fulda.de\/?p=187#breadcrumb\",\"itemListElement\":[{\"@type\":\"ListItem\",\"position\":1,\"name\":\"Startseite\",\"item\":\"https:\/\/www.acr-fulda.de\/\"},{\"@type\":\"ListItem\",\"position\":2,\"name\":\"Landebahnsanierung\"}]},{\"@type\":\"WebSite\",\"@id\":\"https:\/\/www.acr-fulda.de\/#website\",\"url\":\"https:\/\/www.acr-fulda.de\/\",\"name\":\"Aeroclub Rh\u00f6n e.V. Fulda\",\"description\":\"Segelfliegen, Einf\u00fchrungsfl\u00fcge, Flugschule am  Stadtrand von Fulda\",\"publisher\":{\"@id\":\"https:\/\/www.acr-fulda.de\/#organization\"},\"potentialAction\":[{\"@type\":\"SearchAction\",\"target\":{\"@type\":\"EntryPoint\",\"urlTemplate\":\"https:\/\/www.acr-fulda.de\/?s={search_term_string}\"},\"query-input\":{\"@type\":\"PropertyValueSpecification\",\"valueRequired\":true,\"valueName\":\"search_term_string\"}}],\"inLanguage\":\"de\"},{\"@type\":\"Organization\",\"@id\":\"https:\/\/www.acr-fulda.de\/#organization\",\"name\":\"Aeroclub Rh\u00f6n e.V. Fulda\",\"url\":\"https:\/\/www.acr-fulda.de\/\",\"logo\":{\"@type\":\"ImageObject\",\"inLanguage\":\"de\",\"@id\":\"https:\/\/www.acr-fulda.de\/#\/schema\/logo\/image\/\",\"url\":\"https:\/\/i0.wp.com\/www.acr-fulda.de\/wp-content\/uploads\/2015\/11\/ACR-Logo_MASK-e1482574119922.png?fit=128%2C128&ssl=1\",\"contentUrl\":\"https:\/\/i0.wp.com\/www.acr-fulda.de\/wp-content\/uploads\/2015\/11\/ACR-Logo_MASK-e1482574119922.png?fit=128%2C128&ssl=1\",\"width\":128,\"height\":128,\"caption\":\"Aeroclub Rh\u00f6n e.V. Fulda\"},\"image\":{\"@id\":\"https:\/\/www.acr-fulda.de\/#\/schema\/logo\/image\/\"}},{\"@type\":\"Person\",\"@id\":\"https:\/\/www.acr-fulda.de\/#\/schema\/person\/3692e759d291a714ec6bb3a701f85993\",\"name\":\"Windgame\",\"image\":{\"@type\":\"ImageObject\",\"inLanguage\":\"de\",\"@id\":\"https:\/\/www.acr-fulda.de\/#\/schema\/person\/image\/\",\"url\":\"https:\/\/secure.gravatar.com\/avatar\/b56536a62e577852181bcdd52b43cefc609b18145084def09605811725d0f7dd?s=96&d=mm&r=g\",\"contentUrl\":\"https:\/\/secure.gravatar.com\/avatar\/b56536a62e577852181bcdd52b43cefc609b18145084def09605811725d0f7dd?s=96&d=mm&r=g\",\"caption\":\"Windgame\"}}]}<\/script>\n<!-- \/ Yoast SEO plugin. -->","yoast_head_json":{"title":"Landebahnsanierung - Aeroclub Rh\u00f6n e.V. Fulda","robots":{"index":"noindex","follow":"follow"},"og_locale":"de_DE","og_type":"article","og_title":"Landebahnsanierung - Aeroclub Rh\u00f6n e.V. Fulda","og_description":"Aufgrund einer erforderlichen Massnahme zur Optimierung der Ausf\u00fchrung unserer Landebahnmarkierungen kann am 25. Juli 2015 kein Flugbetrieb statt finden. Da wir mit schwerem Bauger\u00e4t und hohem Personalaufwand auf der Landebahn aktiv sind, k\u00f6nnen weder Starts noch Landungen durchgef\u00fchrt werden. Wegen der Wichtigkeit der erfolgreichen Umsetzung der Massnahme sind alle Vereinsmitglieder DRINGEND aufgefordert, rechtzeitig um 0700 [&hellip;]","og_url":"https:\/\/www.acr-fulda.de\/?p=187","og_site_name":"Aeroclub Rh\u00f6n e.V. Fulda","article_published_time":"2015-07-24T13:55:24+00:00","article_modified_time":"2015-07-25T05:40:37+00:00","og_image":[{"url":"http:\/\/www.acr-fulda.de\/wp-content\/uploads\/2015\/07\/image-2048x1536.jpg","type":"","width":"","height":""}],"author":"Windgame","twitter_card":"summary_large_image","twitter_misc":{"Verfasst von":"Windgame"},"schema":{"@context":"https:\/\/schema.org","@graph":[{"@type":"Article","@id":"https:\/\/www.acr-fulda.de\/?p=187#article","isPartOf":{"@id":"https:\/\/www.acr-fulda.de\/?p=187"},"author":{"name":"Windgame","@id":"https:\/\/www.acr-fulda.de\/#\/schema\/person\/3692e759d291a714ec6bb3a701f85993"},"headline":"Landebahnsanierung","datePublished":"2015-07-24T13:55:24+00:00","dateModified":"2015-07-25T05:40:37+00:00","mainEntityOfPage":{"@id":"https:\/\/www.acr-fulda.de\/?p=187"},"wordCount":85,"commentCount":0,"publisher":{"@id":"https:\/\/www.acr-fulda.de\/#organization"},"image":{"@id":"https:\/\/www.acr-fulda.de\/?p=187#primaryimage"},"thumbnailUrl":"http:\/\/www.acr-fulda.de\/wp-content\/uploads\/2015\/07\/image-2048x1536.jpg","inLanguage":"de","potentialAction":[{"@type":"CommentAction","name":"Comment","target":["https:\/\/www.acr-fulda.de\/?p=187#respond"]}]},{"@type":"WebPage","@id":"https:\/\/www.acr-fulda.de\/?p=187","url":"https:\/\/www.acr-fulda.de\/?p=187","name":"Landebahnsanierung - Aeroclub Rh\u00f6n e.V. Fulda","isPartOf":{"@id":"https:\/\/www.acr-fulda.de\/#website"},"primaryImageOfPage":{"@id":"https:\/\/www.acr-fulda.de\/?p=187#primaryimage"},"image":{"@id":"https:\/\/www.acr-fulda.de\/?p=187#primaryimage"},"thumbnailUrl":"http:\/\/www.acr-fulda.de\/wp-content\/uploads\/2015\/07\/image-2048x1536.jpg","datePublished":"2015-07-24T13:55:24+00:00","dateModified":"2015-07-25T05:40:37+00:00","breadcrumb":{"@id":"https:\/\/www.acr-fulda.de\/?p=187#breadcrumb"},"inLanguage":"de","potentialAction":[{"@type":"ReadAction","target":["https:\/\/www.acr-fulda.de\/?p=187"]}]},{"@type":"ImageObject","inLanguage":"de","@id":"https:\/\/www.acr-fulda.de\/?p=187#primaryimage","url":"http:\/\/www.acr-fulda.de\/wp-content\/uploads\/2015\/07\/image-2048x1536.jpg","contentUrl":"http:\/\/www.acr-fulda.de\/wp-content\/uploads\/2015\/07\/image-2048x1536.jpg"},{"@type":"BreadcrumbList","@id":"https:\/\/www.acr-fulda.de\/?p=187#breadcrumb","itemListElement":[{"@type":"ListItem","position":1,"name":"Startseite","item":"https:\/\/www.acr-fulda.de\/"},{"@type":"ListItem","position":2,"name":"Landebahnsanierung"}]},{"@type":"WebSite","@id":"https:\/\/www.acr-fulda.de\/#website","url":"https:\/\/www.acr-fulda.de\/","name":"Aeroclub Rh\u00f6n e.V. Fulda","description":"Segelfliegen, Einf\u00fchrungsfl\u00fcge, Flugschule am  Stadtrand von Fulda","publisher":{"@id":"https:\/\/www.acr-fulda.de\/#organization"},"potentialAction":[{"@type":"SearchAction","target":{"@type":"EntryPoint","urlTemplate":"https:\/\/www.acr-fulda.de\/?s={search_term_string}"},"query-input":{"@type":"PropertyValueSpecification","valueRequired":true,"valueName":"search_term_string"}}],"inLanguage":"de"},{"@type":"Organization","@id":"https:\/\/www.acr-fulda.de\/#organization","name":"Aeroclub Rh\u00f6n e.V. Fulda","url":"https:\/\/www.acr-fulda.de\/","logo":{"@type":"ImageObject","inLanguage":"de","@id":"https:\/\/www.acr-fulda.de\/#\/schema\/logo\/image\/","url":"https:\/\/i0.wp.com\/www.acr-fulda.de\/wp-content\/uploads\/2015\/11\/ACR-Logo_MASK-e1482574119922.png?fit=128%2C128&ssl=1","contentUrl":"https:\/\/i0.wp.com\/www.acr-fulda.de\/wp-content\/uploads\/2015\/11\/ACR-Logo_MASK-e1482574119922.png?fit=128%2C128&ssl=1","width":128,"height":128,"caption":"Aeroclub Rh\u00f6n e.V. Fulda"},"image":{"@id":"https:\/\/www.acr-fulda.de\/#\/schema\/logo\/image\/"}},{"@type":"Person","@id":"https:\/\/www.acr-fulda.de\/#\/schema\/person\/3692e759d291a714ec6bb3a701f85993","name":"Windgame","image":{"@type":"ImageObject","inLanguage":"de","@id":"https:\/\/www.acr-fulda.de\/#\/schema\/person\/image\/","url":"https:\/\/secure.gravatar.com\/avatar\/b56536a62e577852181bcdd52b43cefc609b18145084def09605811725d0f7dd?s=96&d=mm&r=g","contentUrl":"https:\/\/secure.gravatar.com\/avatar\/b56536a62e577852181bcdd52b43cefc609b18145084def09605811725d0f7dd?s=96&d=mm&r=g","caption":"Windgame"}}]}},"_links":{"self":[{"href":"https:\/\/www.acr-fulda.de\/index.php?rest_route=\/wp\/v2\/posts\/187","targetHints":{"allow":["GET"]}}],"collection":[{"href":"https:\/\/www.acr-fulda.de\/index.php?rest_route=\/wp\/v2\/posts"}],"about":[{"href":"https:\/\/www.acr-fulda.de\/index.php?rest_route=\/wp\/v2\/types\/post"}],"author":[{"embeddable":true,"href":"https:\/\/www.acr-fulda.de\/index.php?rest_route=\/wp\/v2\/users\/1"}],"replies":[{"embeddable":true,"href":"https:\/\/www.acr-fulda.de\/index.php?rest_route=%2Fwp%2Fv2%2Fcomments&post=187"}],"version-history":[{"count":4,"href":"https:\/\/www.acr-fulda.de\/index.php?rest_route=\/wp\/v2\/posts\/187\/revisions"}],"predecessor-version":[{"id":251,"href":"https:\/\/www.acr-fulda.de\/index.php?rest_route=\/wp\/v2\/posts\/187\/revisions\/251"}],"wp:attachment":[{"href":"https:\/\/www.acr-fulda.de\/index.php?rest_route=%2Fwp%2Fv2%2Fmedia&parent=187"}],"wp:term":[{"taxonomy":"category","embeddable":true,"href":"https:\/\/www.acr-fulda.de\/index.php?rest_route=%2Fwp%2Fv2%2Fcategories&post=187"},{"taxonomy":"post_tag","embeddable":true,"href":"https:\/\/www.acr-fulda.de\/index.php?rest_route=%2Fwp%2Fv2%2Ftags&post=187"}],"curies":[{"name":"wp","href":"https:\/\/api.w.org\/{rel}","templated":true}]}}