{"id":174,"date":"2015-06-09T07:29:37","date_gmt":"2015-06-09T05:29:37","guid":{"rendered":"http:\/\/www.acr-fulda.de\/?p=174"},"modified":"2015-11-17T20:49:38","modified_gmt":"2015-11-17T19:49:38","slug":"osthessen-news-berichtet-ueber-den-aero-club","status":"publish","type":"post","link":"https:\/\/www.acr-fulda.de\/?p=174","title":{"rendered":"Osthessen-News berichtet \u00fcber den Aero-Club"},"content":{"rendered":"<p>Das regionale Internet-Nachrichten -Portal &#8222;Osthessen-News&#8220; berichtet hier ausf\u00fchrlich \u00fcber unseren Verein:<\/p>\n<p><a href=\"http:\/\/osthessen-news.de\/sport\/n11504867\/segelfliegen-rundfl\u00fcge-flugschule-in-der-johannisau-fliegen-ist-faszination.html\" target=\"_blank\">ACR-Fulda bei osthessen-news<\/a><\/p>\n\n\t\t<style type=\"text\/css\">\n\t\t\t#gallery-1 {\n\t\t\t\tmargin: auto;\n\t\t\t}\n\t\t\t#gallery-1 .gallery-item {\n\t\t\t\tfloat: left;\n\t\t\t\tmargin-top: 10px;\n\t\t\t\ttext-align: center;\n\t\t\t\twidth: 33%;\n\t\t\t}\n\t\t\t#gallery-1 img {\n\t\t\t\tborder: 2px solid #cfcfcf;\n\t\t\t}\n\t\t\t#gallery-1 .gallery-caption {\n\t\t\t\tmargin-left: 0;\n\t\t\t}\n\t\t\t\/* see gallery_shortcode() in wp-includes\/media.php *\/\n\t\t<\/style>\n\t\t<div id='gallery-1' class='gallery galleryid-174 gallery-columns-3 gallery-size-thumbnail'><dl class='gallery-item'>\n\t\t\t<dt class='gallery-icon portrait'>\n\t\t\t\t<a href='https:\/\/www.acr-fulda.de\/?attachment_id=173'><img loading=\"lazy\" decoding=\"async\" width=\"150\" height=\"150\" src=\"https:\/\/acr-fulda.de\/wp-content\/uploads\/2015\/06\/osthessen-news-150x150.jpg\" class=\"attachment-thumbnail size-thumbnail no-lazy\" alt=\"\" aria-describedby=\"gallery-1-173\" \/><\/a>\n\t\t\t<\/dt>\n\t\t\t\t<dd class='wp-caption-text gallery-caption' id='gallery-1-173'>\n\t\t\t\tAktuelle News aus Ihrer N\u00e4he. T\u00e4gliche Nachrichten aus Fulda, Bad Hersfeld, MKK, Rh\u00f6n, Vogelsberg und Umgebung.\n\t\t\t\t<\/dd><\/dl>\n\t\t\t<br style='clear: both' \/>\n\t\t<\/div>\n\n","protected":false},"excerpt":{"rendered":"<p>Das regionale Internet-Nachrichten -Portal &#8222;Osthessen-News&#8220; berichtet hier ausf\u00fchrlich \u00fcber unseren Verein: ACR-Fulda bei osthessen-news<\/p>\n","protected":false},"author":1,"featured_media":0,"comment_status":"open","ping_status":"open","sticky":false,"template":"","format":"gallery","meta":{"_acf_changed":false,"wikipediapreview_detectlinks":true,"ngg_post_thumbnail":0,"footnotes":""},"categories":[1,5],"tags":[],"class_list":{"0":"post-174","1":"post","2":"type-post","3":"status-publish","4":"format-gallery","6":"category-allgemein","7":"category-landingpage","8":"post_format-post-format-gallery","9":"czr-hentry"},"acf":[],"yoast_head":"<!-- This site is optimized with the Yoast SEO plugin v26.6 - https:\/\/yoast.com\/wordpress\/plugins\/seo\/ -->\n<title>Osthessen-News berichtet \u00fcber den Aero-Club - Aeroclub Rh\u00f6n e.V. Fulda<\/title>\n<meta name=\"robots\" content=\"noindex, follow\" \/>\n<meta property=\"og:locale\" content=\"de_DE\" \/>\n<meta property=\"og:type\" content=\"article\" \/>\n<meta property=\"og:title\" content=\"Osthessen-News berichtet \u00fcber den Aero-Club - Aeroclub Rh\u00f6n e.V. Fulda\" \/>\n<meta property=\"og:description\" content=\"Das regionale Internet-Nachrichten -Portal &#8222;Osthessen-News&#8220; berichtet hier ausf\u00fchrlich \u00fcber unseren Verein: ACR-Fulda bei osthessen-news\" \/>\n<meta property=\"og:url\" content=\"https:\/\/www.acr-fulda.de\/?p=174\" \/>\n<meta property=\"og:site_name\" content=\"Aeroclub Rh\u00f6n e.V. Fulda\" \/>\n<meta property=\"article:published_time\" content=\"2015-06-09T05:29:37+00:00\" \/>\n<meta property=\"article:modified_time\" content=\"2015-11-17T19:49:38+00:00\" \/>\n<meta property=\"og:image\" content=\"https:\/\/acr-fulda.de\/wp-content\/uploads\/2015\/06\/osthessen-news-150x150.jpg\" \/>\n<meta name=\"author\" content=\"Windgame\" \/>\n<meta name=\"twitter:card\" content=\"summary_large_image\" \/>\n<meta name=\"twitter:label1\" content=\"Verfasst von\" \/>\n\t<meta name=\"twitter:data1\" content=\"Windgame\" \/>\n<script type=\"application\/ld+json\" class=\"yoast-schema-graph\">{\"@context\":\"https:\/\/schema.org\",\"@graph\":[{\"@type\":\"Article\",\"@id\":\"https:\/\/www.acr-fulda.de\/?p=174#article\",\"isPartOf\":{\"@id\":\"https:\/\/www.acr-fulda.de\/?p=174\"},\"author\":{\"name\":\"Windgame\",\"@id\":\"https:\/\/www.acr-fulda.de\/#\/schema\/person\/3692e759d291a714ec6bb3a701f85993\"},\"headline\":\"Osthessen-News berichtet \u00fcber den Aero-Club\",\"datePublished\":\"2015-06-09T05:29:37+00:00\",\"dateModified\":\"2015-11-17T19:49:38+00:00\",\"mainEntityOfPage\":{\"@id\":\"https:\/\/www.acr-fulda.de\/?p=174\"},\"wordCount\":22,\"commentCount\":0,\"publisher\":{\"@id\":\"https:\/\/www.acr-fulda.de\/#organization\"},\"articleSection\":{\"1\":\"LandingPage\"},\"inLanguage\":\"de\",\"potentialAction\":[{\"@type\":\"CommentAction\",\"name\":\"Comment\",\"target\":[\"https:\/\/www.acr-fulda.de\/?p=174#respond\"]}]},{\"@type\":\"WebPage\",\"@id\":\"https:\/\/www.acr-fulda.de\/?p=174\",\"url\":\"https:\/\/www.acr-fulda.de\/?p=174\",\"name\":\"Osthessen-News berichtet \u00fcber den Aero-Club - Aeroclub Rh\u00f6n e.V. Fulda\",\"isPartOf\":{\"@id\":\"https:\/\/www.acr-fulda.de\/#website\"},\"datePublished\":\"2015-06-09T05:29:37+00:00\",\"dateModified\":\"2015-11-17T19:49:38+00:00\",\"breadcrumb\":{\"@id\":\"https:\/\/www.acr-fulda.de\/?p=174#breadcrumb\"},\"inLanguage\":\"de\",\"potentialAction\":[{\"@type\":\"ReadAction\",\"target\":[\"https:\/\/www.acr-fulda.de\/?p=174\"]}]},{\"@type\":\"BreadcrumbList\",\"@id\":\"https:\/\/www.acr-fulda.de\/?p=174#breadcrumb\",\"itemListElement\":[{\"@type\":\"ListItem\",\"position\":1,\"name\":\"Startseite\",\"item\":\"https:\/\/www.acr-fulda.de\/\"},{\"@type\":\"ListItem\",\"position\":2,\"name\":\"Osthessen-News berichtet \u00fcber den Aero-Club\"}]},{\"@type\":\"WebSite\",\"@id\":\"https:\/\/www.acr-fulda.de\/#website\",\"url\":\"https:\/\/www.acr-fulda.de\/\",\"name\":\"Aeroclub Rh\u00f6n e.V. Fulda\",\"description\":\"Segelfliegen, Einf\u00fchrungsfl\u00fcge, Flugschule am  Stadtrand von Fulda\",\"publisher\":{\"@id\":\"https:\/\/www.acr-fulda.de\/#organization\"},\"potentialAction\":[{\"@type\":\"SearchAction\",\"target\":{\"@type\":\"EntryPoint\",\"urlTemplate\":\"https:\/\/www.acr-fulda.de\/?s={search_term_string}\"},\"query-input\":{\"@type\":\"PropertyValueSpecification\",\"valueRequired\":true,\"valueName\":\"search_term_string\"}}],\"inLanguage\":\"de\"},{\"@type\":\"Organization\",\"@id\":\"https:\/\/www.acr-fulda.de\/#organization\",\"name\":\"Aeroclub Rh\u00f6n e.V. Fulda\",\"url\":\"https:\/\/www.acr-fulda.de\/\",\"logo\":{\"@type\":\"ImageObject\",\"inLanguage\":\"de\",\"@id\":\"https:\/\/www.acr-fulda.de\/#\/schema\/logo\/image\/\",\"url\":\"https:\/\/i0.wp.com\/www.acr-fulda.de\/wp-content\/uploads\/2015\/11\/ACR-Logo_MASK-e1482574119922.png?fit=128%2C128&ssl=1\",\"contentUrl\":\"https:\/\/i0.wp.com\/www.acr-fulda.de\/wp-content\/uploads\/2015\/11\/ACR-Logo_MASK-e1482574119922.png?fit=128%2C128&ssl=1\",\"width\":128,\"height\":128,\"caption\":\"Aeroclub Rh\u00f6n e.V. Fulda\"},\"image\":{\"@id\":\"https:\/\/www.acr-fulda.de\/#\/schema\/logo\/image\/\"}},{\"@type\":\"Person\",\"@id\":\"https:\/\/www.acr-fulda.de\/#\/schema\/person\/3692e759d291a714ec6bb3a701f85993\",\"name\":\"Windgame\",\"image\":{\"@type\":\"ImageObject\",\"inLanguage\":\"de\",\"@id\":\"https:\/\/www.acr-fulda.de\/#\/schema\/person\/image\/\",\"url\":\"https:\/\/secure.gravatar.com\/avatar\/b56536a62e577852181bcdd52b43cefc609b18145084def09605811725d0f7dd?s=96&d=mm&r=g\",\"contentUrl\":\"https:\/\/secure.gravatar.com\/avatar\/b56536a62e577852181bcdd52b43cefc609b18145084def09605811725d0f7dd?s=96&d=mm&r=g\",\"caption\":\"Windgame\"}}]}<\/script>\n<!-- \/ Yoast SEO plugin. -->","yoast_head_json":{"title":"Osthessen-News berichtet \u00fcber den Aero-Club - Aeroclub Rh\u00f6n e.V. Fulda","robots":{"index":"noindex","follow":"follow"},"og_locale":"de_DE","og_type":"article","og_title":"Osthessen-News berichtet \u00fcber den Aero-Club - Aeroclub Rh\u00f6n e.V. Fulda","og_description":"Das regionale Internet-Nachrichten -Portal &#8222;Osthessen-News&#8220; berichtet hier ausf\u00fchrlich \u00fcber unseren Verein: ACR-Fulda bei osthessen-news","og_url":"https:\/\/www.acr-fulda.de\/?p=174","og_site_name":"Aeroclub Rh\u00f6n e.V. Fulda","article_published_time":"2015-06-09T05:29:37+00:00","article_modified_time":"2015-11-17T19:49:38+00:00","og_image":[{"url":"https:\/\/acr-fulda.de\/wp-content\/uploads\/2015\/06\/osthessen-news-150x150.jpg","type":"","width":"","height":""}],"author":"Windgame","twitter_card":"summary_large_image","twitter_misc":{"Verfasst von":"Windgame"},"schema":{"@context":"https:\/\/schema.org","@graph":[{"@type":"Article","@id":"https:\/\/www.acr-fulda.de\/?p=174#article","isPartOf":{"@id":"https:\/\/www.acr-fulda.de\/?p=174"},"author":{"name":"Windgame","@id":"https:\/\/www.acr-fulda.de\/#\/schema\/person\/3692e759d291a714ec6bb3a701f85993"},"headline":"Osthessen-News berichtet \u00fcber den Aero-Club","datePublished":"2015-06-09T05:29:37+00:00","dateModified":"2015-11-17T19:49:38+00:00","mainEntityOfPage":{"@id":"https:\/\/www.acr-fulda.de\/?p=174"},"wordCount":22,"commentCount":0,"publisher":{"@id":"https:\/\/www.acr-fulda.de\/#organization"},"articleSection":{"1":"LandingPage"},"inLanguage":"de","potentialAction":[{"@type":"CommentAction","name":"Comment","target":["https:\/\/www.acr-fulda.de\/?p=174#respond"]}]},{"@type":"WebPage","@id":"https:\/\/www.acr-fulda.de\/?p=174","url":"https:\/\/www.acr-fulda.de\/?p=174","name":"Osthessen-News berichtet \u00fcber den Aero-Club - Aeroclub Rh\u00f6n e.V. Fulda","isPartOf":{"@id":"https:\/\/www.acr-fulda.de\/#website"},"datePublished":"2015-06-09T05:29:37+00:00","dateModified":"2015-11-17T19:49:38+00:00","breadcrumb":{"@id":"https:\/\/www.acr-fulda.de\/?p=174#breadcrumb"},"inLanguage":"de","potentialAction":[{"@type":"ReadAction","target":["https:\/\/www.acr-fulda.de\/?p=174"]}]},{"@type":"BreadcrumbList","@id":"https:\/\/www.acr-fulda.de\/?p=174#breadcrumb","itemListElement":[{"@type":"ListItem","position":1,"name":"Startseite","item":"https:\/\/www.acr-fulda.de\/"},{"@type":"ListItem","position":2,"name":"Osthessen-News berichtet \u00fcber den Aero-Club"}]},{"@type":"WebSite","@id":"https:\/\/www.acr-fulda.de\/#website","url":"https:\/\/www.acr-fulda.de\/","name":"Aeroclub Rh\u00f6n e.V. Fulda","description":"Segelfliegen, Einf\u00fchrungsfl\u00fcge, Flugschule am  Stadtrand von Fulda","publisher":{"@id":"https:\/\/www.acr-fulda.de\/#organization"},"potentialAction":[{"@type":"SearchAction","target":{"@type":"EntryPoint","urlTemplate":"https:\/\/www.acr-fulda.de\/?s={search_term_string}"},"query-input":{"@type":"PropertyValueSpecification","valueRequired":true,"valueName":"search_term_string"}}],"inLanguage":"de"},{"@type":"Organization","@id":"https:\/\/www.acr-fulda.de\/#organization","name":"Aeroclub Rh\u00f6n e.V. Fulda","url":"https:\/\/www.acr-fulda.de\/","logo":{"@type":"ImageObject","inLanguage":"de","@id":"https:\/\/www.acr-fulda.de\/#\/schema\/logo\/image\/","url":"https:\/\/i0.wp.com\/www.acr-fulda.de\/wp-content\/uploads\/2015\/11\/ACR-Logo_MASK-e1482574119922.png?fit=128%2C128&ssl=1","contentUrl":"https:\/\/i0.wp.com\/www.acr-fulda.de\/wp-content\/uploads\/2015\/11\/ACR-Logo_MASK-e1482574119922.png?fit=128%2C128&ssl=1","width":128,"height":128,"caption":"Aeroclub Rh\u00f6n e.V. Fulda"},"image":{"@id":"https:\/\/www.acr-fulda.de\/#\/schema\/logo\/image\/"}},{"@type":"Person","@id":"https:\/\/www.acr-fulda.de\/#\/schema\/person\/3692e759d291a714ec6bb3a701f85993","name":"Windgame","image":{"@type":"ImageObject","inLanguage":"de","@id":"https:\/\/www.acr-fulda.de\/#\/schema\/person\/image\/","url":"https:\/\/secure.gravatar.com\/avatar\/b56536a62e577852181bcdd52b43cefc609b18145084def09605811725d0f7dd?s=96&d=mm&r=g","contentUrl":"https:\/\/secure.gravatar.com\/avatar\/b56536a62e577852181bcdd52b43cefc609b18145084def09605811725d0f7dd?s=96&d=mm&r=g","caption":"Windgame"}}]}},"_links":{"self":[{"href":"https:\/\/www.acr-fulda.de\/index.php?rest_route=\/wp\/v2\/posts\/174","targetHints":{"allow":["GET"]}}],"collection":[{"href":"https:\/\/www.acr-fulda.de\/index.php?rest_route=\/wp\/v2\/posts"}],"about":[{"href":"https:\/\/www.acr-fulda.de\/index.php?rest_route=\/wp\/v2\/types\/post"}],"author":[{"embeddable":true,"href":"https:\/\/www.acr-fulda.de\/index.php?rest_route=\/wp\/v2\/users\/1"}],"replies":[{"embeddable":true,"href":"https:\/\/www.acr-fulda.de\/index.php?rest_route=%2Fwp%2Fv2%2Fcomments&post=174"}],"version-history":[{"count":3,"href":"https:\/\/www.acr-fulda.de\/index.php?rest_route=\/wp\/v2\/posts\/174\/revisions"}],"predecessor-version":[{"id":295,"href":"https:\/\/www.acr-fulda.de\/index.php?rest_route=\/wp\/v2\/posts\/174\/revisions\/295"}],"wp:attachment":[{"href":"https:\/\/www.acr-fulda.de\/index.php?rest_route=%2Fwp%2Fv2%2Fmedia&parent=174"}],"wp:term":[{"taxonomy":"category","embeddable":true,"href":"https:\/\/www.acr-fulda.de\/index.php?rest_route=%2Fwp%2Fv2%2Fcategories&post=174"},{"taxonomy":"post_tag","embeddable":true,"href":"https:\/\/www.acr-fulda.de\/index.php?rest_route=%2Fwp%2Fv2%2Ftags&post=174"}],"curies":[{"name":"wp","href":"https:\/\/api.w.org\/{rel}","templated":true}]}}