{"id":1045,"date":"2020-03-16T21:34:16","date_gmt":"2020-03-16T20:34:16","guid":{"rendered":"http:\/\/www.acr-fulda.de\/?p=1045"},"modified":"2021-04-04T12:45:07","modified_gmt":"2021-04-04T10:45:07","slug":"daec-covid-19-handlungsempfehlung-fuer-daec-mitglieder","status":"publish","type":"post","link":"https:\/\/www.acr-fulda.de\/?p=1045","title":{"rendered":"DAEC COVID-19: HANDLUNGSEMPFEHLUNG F\u00dcR DAEC-MITGLIEDER"},"content":{"rendered":"<div class=\"teaser-text\">\n<h2 class=\"pane-title block-title\">AKTUALISIERUNG DER CORONAVERORDNUNG<\/h2>\n<h2>Sie finden alle weiteren Informationen und Aktualisierungen auf der Homepage der Hessischen Landesregierung unter:&nbsp;<\/h2>\n<p><a href=\"https:\/\/www.hessen.de\/fuer-buerger\/corona-hessen\/verordnungen-und-allgemeinverfuegungen\" target=\"_blank\" rel=\"noopener\">Coronaverordnung Hessen &#8230;<\/a><\/p>\n<p><em><strong>Wir, als Aeroclub Rh\u00f6n e.V. Fulda, werden nicht jeden Tag eine neu angepasste Erl\u00e4uterung abgeben. Jeder Interessierte sollte sich selbst\u00e4ndig auf der Seite der Hessischen Landesregierung und seiner Kommune nach den neuesten inzidenzabh\u00e4ngigen Anordnungen informieren.<\/strong><\/em><\/p>\n<p>Hoffentlich k\u00f6nnen wir die Saison 2021 wieder unter einigerma\u00dfen normalen Bedingungen durchf\u00fchren.<\/p>\n<p>Bleiben Sie bitte gesund!<\/p>\n<\/div>\n<p><a href=\"https:\/\/www.hlb-info.de\/news\/aktualisierung-der-coronaverordnung\" target=\"_blank\" rel=\"noopener\">Hinweise vom Hessischen Luftsportbund (HLB) &#8230;<\/a><\/p>\n<h2>Aktuelles Schreiben des Landessportbundes Hessen:<\/h2>\n<p><del>An die<\/del><br \/>\n<del>Vorsitzenden und Gesch\u00e4ftsstellen<\/del><br \/>\n<del>der Verb\u00e4nde, Sportkreise sowie Verb\u00e4nde und Organisationen mit besonderen Aufgaben<\/del><br \/>\n<del>Aktuelle (6. November) Lockerung der Coronaverordnung<\/del><br \/>\n<del>Sehr geehrte Damen und Herren, liebe Sportfreunde,<\/del><br \/>\n<del>am 3. November habe ich Sie dar\u00fcber informiert, dass das Land Hessen am<\/del><br \/>\n<del>2. November eine Versch\u00e4rfung der Coronaauflagen (mit Wirkung ab dem 5. November) beschlossen hat, welche die vorherige Anpassung vom 29. Oktober (mit Wirkung ab dem 2. November) ersetzte und vor allem die Schlie\u00dfung der Sportanlagen verf\u00fcgte.<\/del><br \/>\n<del>Nunmehr \u2013 und nach Beratungen mit dem Landessportbund \u2013 hat die Landesregierung gestern eine erneute \u00c4nderung beschlossen, die ab heute, 6. November, gilt. Hierdurch werden die Corona-Bestimmungen etwas gelockert und im Kern wird zur Verordnungslage vom 29. Oktober\/2. November zur\u00fcckgekehrt: Demnach ist bis zum 30. November Freizeit- und Amateursport auf und in allen \u00f6ffentlichen und privaten Sportanlagen alleine, zu zweit oder mit den Angeh\u00f6rigen des eigenen Hausstandes gestattet.<\/del><br \/>\n<del>Die neue Landesverordnung sieht somit vor, dass Sportanlagen grunds\u00e4tzlich nicht mehr geschlossen sind.<\/del><br \/>\n<del>Damit passt sich Hessen an die Regelungen der anderen Bundesl\u00e4nder an. Wir freuen uns, dass das Land Hessen seinen Sonderweg verlassen hat. Nun kann man, wie in den \u00fcbrigen Bundesl\u00e4ndern, z. B. Paartanz, Tischtennis im Einzel, Golf mit zwei Personen und Judo wieder aus\u00fcben.<\/del><\/p>\n<p><del>Ich darf zur Bewertung dieser Entwicklung auf unsere beigef\u00fcgte Pressemitteilung verweisen.<\/del><br \/>\n<del>Wir werden sehr kurzfristig \u00fcber diese \u00c4nderungen \u2013 wie bisher \u2013 durch Aktualisierung der Coronainformationen auf unserer Homepage informieren: https:\/\/www.landessportbund-hessen.de\/servicebereich\/news\/coronavirus\/<\/del><br \/>\n<del>Mit freundlichen Gr\u00fc\u00dfen<\/del><br \/>\n<del>Andreas Klages<\/del><br \/>\n<del>Hauptgesch\u00e4ftsf\u00fchrer<\/del><\/p>\n<div class=\"teaser-text\">\n<p><del>Nach \u00a7 1 Abs. 6 der Corona-Kontakt- und Betriebsbeschr\u00e4nkungsverordnung vom 7. Mai 2020, zuletzt ge\u00e4ndert am 09.06.2020 (s. Anlage), sind Passagierfl\u00fcge, z.B. Ballonfahrten, Hubschrauberrundfl\u00fcge, Einf\u00fchrungsfl\u00fcge und auch jeglicher Transport von Fallschirmspringern wieder zugelassen, wenn eine Mund-Nase-Bedeckung getragen wird. Der in der Verordnung genannte Begriff Passagierflugzeuge ist ausdr\u00fccklich als Passagierluftfahrzeuge zu verstehen, eine Begrenzung auf Fl\u00e4chenflugzeuge erfolgt somit nicht. Innerhalb der Luftfahrzeuge muss ein Mindestabstand von 1,5 m zwischen Personen nicht eingehalten werden. Damit sind, abgesehen von der Mund-Nase-Bedeckung, die bisherigen Beschr\u00e4nkungen aufgehoben. Das gilt allerdings so nicht f\u00fcr den gesamten Flugplatzbereich, daher empfehle ich dringend, \u00a7 1 der Verordnung insgesamt zur Kenntnis zu nehmen und weiterhin verantwortlich zu handeln.<\/del><\/p>\n<p class=\"bodytext\"><del>Am 16. M\u00e4rz hat der DAeC-Vorstand in einer Telefonkonferenz beschlossen, folgende Ma\u00dfnahmen zur Eind\u00e4mmung der Coronavirus-Pandemie seinen Mitgliedern zu empfehlen. Der Vorstand st\u00fctzt seine Entscheidungen u.a. auf die Aussagen des DOSB und des Robert-Koch-Instituts, die dieser E-Mail als Link beigef\u00fcgt sind, und auf Empfehlungen einiger DAeC-Landesverb\u00e4nde, die heute bereits ihre Mitglieder (Vereine) informiert haben. Bitte kommunizieren Sie diese Information an Ihre jeweiligen Mitglieder. Die hier empfohlenen Einschr\u00e4nkungen gelten zun\u00e4chst bis zum 19. April 2020. Alle weiteren Schritte werden auf Grundlage der aktuellen Lage-Einsch\u00e4tzung des Robert-Koch-Instituts entschieden.<\/del><\/p>\n<\/div>\n<div class=\"news-text-wrap\">\n<p class=\"bodytext\"><del>Das Coronavirus breitet sich weiter aus und die dynamische Lage f\u00fchrt t\u00e4glich zur Ausweitung der Sicherungsma\u00dfnahmen durch den Staat zum Schutz der Gesundheit aller B\u00fcrger und der Gesellschaft. Die Vorgabe ist, alle Ma\u00dfnahmen und Aktivit\u00e4ten in Staat und Gesellschaft wie auch im privaten Bereich auf das unerl\u00e4sslich Notwendige zu beschr\u00e4nken. Auch der Sport ist hier gefordert.<\/del><\/p>\n<ul>\n<li><del>Im Blick auf diese Situation empfehlen wir allen unseren Mitgliedern, bis auf weiteres die fliegerischen\/luftsportlichen Aktivit\u00e4ten und den Flugbetrieb in den Vereinen einzustellen und die Aktivit\u00e4ten auf das unerl\u00e4sslich notwendige Minimum zu beschr\u00e4nken (Not-\/Sicherungsma\u00dfnahmen). Auch interne Veranstaltungen, Sitzungen, Versammlungen (Mitgliederversammlungen) im Verein sollten nicht stattfinden.<\/del><\/li>\n<li><del>Der DAeC empfiehlt seinen Mitgliedern, s\u00e4mtliche angesetzten Veranstaltungen auf Verbands- und Vereinsebene, Seminare, Lehrg\u00e4nge, Weiterbildungsma\u00dfnahmen, Gremiensitzungen und Verbandstagungen bis auf Weiteres abzusagen.<\/del><\/li>\n<li><del>Der Gesch\u00e4ftsbetrieb in unserer Bundesgesch\u00e4ftsstelle l\u00e4uft weiter. Es ist aber nicht auszuschlie\u00dfen, dass es hier in den n\u00e4chsten Tagen zu betrieblichen Ma\u00dfnahmen kommen muss, welche die Gesch\u00e4ftst\u00e4tigkeit zumindest einschr\u00e4nken. Hierf\u00fcr bitte ich Sie um Verst\u00e4ndnis.<\/del><\/li>\n<\/ul>\n<p class=\"bodytext\"><del>F\u00fcr weiterf\u00fchrende Informationen verfolgen Sie bitte die Berichterstattung in den tagesaktuellen Medien und ber\u00fccksichtigen Sie auch die jeweiligen aktuellen regionalen\/lokalen Verf\u00fcgungen.<\/del><\/p>\n<p><del>So sehr die Einschr\u00e4nkungen zu pers\u00f6nlichen Nachteilen f\u00fchren k\u00f6nnen, so wichtig ist es jetzt entschlossen zu handeln.<\/del><\/p>\n<p><del>Der DAeC-Vorstand und die BGSt hoffen, dass die auf allen Ebenen in unserem Land jetzt erfolgenden Ma\u00dfnahmen rasch und erfolgreich greifen und wir m\u00f6glichst bald zum Sport-Alltag zur\u00fcckkehren k\u00f6nnen. Bleiben Sie gesund!<\/del><\/p>\n<h4>AUSSAGEN DES DOSB UND DES ROBERT-KOCH-INSTITUTS<\/h4>\n<ul>\n<li><a href=\"https:\/\/www.dosb.de\/sonderseiten\/news\/news-detail\/news\/dosb-praesident-alfons-hoermann-zur-corona-epidemie\/?no_cache=1&amp;tx_news_pi1%5Bcontroller%5D=News&amp;tx_news_pi1%5Baction%5D=detail&amp;cHash=d1fa8f7ca2c5e49d565143089b771dae\" target=\"_blank\" rel=\"noopener noreferrer\">https:\/\/www.dosb.de\/sonderseiten\/news\/news-detail\/news\/dosb-praesident-alfons-hoermann-zur-corona-epidemie\/?no_cache=1&amp;tx_news_pi1%5Bcontroller%5D=News&amp;tx_news_pi1%5Baction%5D=detail&amp;cHash=d1fa8f7ca2c5e49d565143089b771dae<\/a><\/li>\n<\/ul>\n<ul>\n<li><a href=\"https:\/\/www.dosb.de\/sonderseiten\/news\/news-detail\/news\/dosb-praesident-alfons-hoermann-zur-corona-epidemie\/?no_cache=1&amp;tx_news_pi1%5Bcontroller%5D=News&amp;tx_news_pi1%5Baction%5D=detail&amp;cHash=d1fa8f7ca2c5e49d565143089b771dae\" target=\"_blank\" rel=\"noopener noreferrer\">https:\/\/www.rki.de\/DE\/Content\/InfAZ\/N\/Neuartiges_Coronavirus\/nCoV.html<\/a><\/li>\n<\/ul>\n<\/div>\n","protected":false},"excerpt":{"rendered":"<p>AKTUALISIERUNG DER CORONAVERORDNUNG Sie finden alle weiteren Informationen und Aktualisierungen auf der Homepage der Hessischen Landesregierung unter:&nbsp; Coronaverordnung Hessen &#8230; Wir, als Aeroclub Rh\u00f6n e.V. Fulda, werden nicht jeden Tag eine neu angepasste Erl\u00e4uterung abgeben. Jeder Interessierte sollte sich selbst\u00e4ndig auf der Seite der Hessischen Landesregierung und seiner Kommune nach den neuesten inzidenzabh\u00e4ngigen Anordnungen informieren. [&hellip;]<\/p>\n","protected":false},"author":1,"featured_media":1040,"comment_status":"open","ping_status":"open","sticky":false,"template":"","format":"standard","meta":{"_acf_changed":false,"wikipediapreview_detectlinks":true,"ngg_post_thumbnail":0,"footnotes":""},"categories":[5],"tags":[],"class_list":{"0":"post-1045","1":"post","2":"type-post","3":"status-publish","4":"format-standard","5":"has-post-thumbnail","7":"category-landingpage","8":"czr-hentry"},"acf":[],"yoast_head":"<!-- This site is optimized with the Yoast SEO plugin v26.6 - https:\/\/yoast.com\/wordpress\/plugins\/seo\/ -->\n<title>DAEC COVID-19: HANDLUNGSEMPFEHLUNG F\u00dcR DAEC-MITGLIEDER - Aeroclub Rh\u00f6n e.V. Fulda<\/title>\n<meta name=\"robots\" content=\"noindex, follow\" \/>\n<meta property=\"og:locale\" content=\"de_DE\" \/>\n<meta property=\"og:type\" content=\"article\" \/>\n<meta property=\"og:title\" content=\"DAEC COVID-19: HANDLUNGSEMPFEHLUNG F\u00dcR DAEC-MITGLIEDER - Aeroclub Rh\u00f6n e.V. Fulda\" \/>\n<meta property=\"og:description\" content=\"AKTUALISIERUNG DER CORONAVERORDNUNG Sie finden alle weiteren Informationen und Aktualisierungen auf der Homepage der Hessischen Landesregierung unter:&nbsp; Coronaverordnung Hessen &#8230; Wir, als Aeroclub Rh\u00f6n e.V. Fulda, werden nicht jeden Tag eine neu angepasste Erl\u00e4uterung abgeben. Jeder Interessierte sollte sich selbst\u00e4ndig auf der Seite der Hessischen Landesregierung und seiner Kommune nach den neuesten inzidenzabh\u00e4ngigen Anordnungen informieren. [&hellip;]\" \/>\n<meta property=\"og:url\" content=\"https:\/\/www.acr-fulda.de\/?p=1045\" \/>\n<meta property=\"og:site_name\" content=\"Aeroclub Rh\u00f6n e.V. Fulda\" \/>\n<meta property=\"article:published_time\" content=\"2020-03-16T20:34:16+00:00\" \/>\n<meta property=\"article:modified_time\" content=\"2021-04-04T10:45:07+00:00\" \/>\n<meta property=\"og:image\" content=\"https:\/\/acr-fulda.de\/wp-content\/uploads\/2020\/03\/ED5E2551-993B-4898-A341-DE1D5848D4B9-2048x1141.jpeg\" \/>\n\t<meta property=\"og:image:width\" content=\"2048\" \/>\n\t<meta property=\"og:image:height\" content=\"1141\" \/>\n\t<meta property=\"og:image:type\" content=\"image\/jpeg\" \/>\n<meta name=\"author\" content=\"Windgame\" \/>\n<meta name=\"twitter:card\" content=\"summary_large_image\" \/>\n<meta name=\"twitter:label1\" content=\"Verfasst von\" \/>\n\t<meta name=\"twitter:data1\" content=\"Windgame\" \/>\n\t<meta name=\"twitter:label2\" content=\"Gesch\u00e4tzte Lesezeit\" \/>\n\t<meta name=\"twitter:data2\" content=\"4\u00a0Minuten\" \/>\n<script type=\"application\/ld+json\" class=\"yoast-schema-graph\">{\"@context\":\"https:\/\/schema.org\",\"@graph\":[{\"@type\":\"Article\",\"@id\":\"https:\/\/www.acr-fulda.de\/?p=1045#article\",\"isPartOf\":{\"@id\":\"https:\/\/www.acr-fulda.de\/?p=1045\"},\"author\":{\"name\":\"Windgame\",\"@id\":\"https:\/\/www.acr-fulda.de\/#\/schema\/person\/3692e759d291a714ec6bb3a701f85993\"},\"headline\":\"DAEC COVID-19: HANDLUNGSEMPFEHLUNG F\u00dcR DAEC-MITGLIEDER\",\"datePublished\":\"2020-03-16T20:34:16+00:00\",\"dateModified\":\"2021-04-04T10:45:07+00:00\",\"mainEntityOfPage\":{\"@id\":\"https:\/\/www.acr-fulda.de\/?p=1045\"},\"wordCount\":871,\"commentCount\":0,\"publisher\":{\"@id\":\"https:\/\/www.acr-fulda.de\/#organization\"},\"image\":{\"@id\":\"https:\/\/www.acr-fulda.de\/?p=1045#primaryimage\"},\"thumbnailUrl\":\"https:\/\/acr-fulda.de\/wp-content\/uploads\/2020\/03\/ED5E2551-993B-4898-A341-DE1D5848D4B9.jpeg\",\"articleSection\":[\"LandingPage\"],\"inLanguage\":\"de\",\"potentialAction\":[{\"@type\":\"CommentAction\",\"name\":\"Comment\",\"target\":[\"https:\/\/www.acr-fulda.de\/?p=1045#respond\"]}]},{\"@type\":\"WebPage\",\"@id\":\"https:\/\/www.acr-fulda.de\/?p=1045\",\"url\":\"https:\/\/www.acr-fulda.de\/?p=1045\",\"name\":\"DAEC COVID-19: HANDLUNGSEMPFEHLUNG F\u00dcR DAEC-MITGLIEDER - Aeroclub Rh\u00f6n e.V. Fulda\",\"isPartOf\":{\"@id\":\"https:\/\/www.acr-fulda.de\/#website\"},\"primaryImageOfPage\":{\"@id\":\"https:\/\/www.acr-fulda.de\/?p=1045#primaryimage\"},\"image\":{\"@id\":\"https:\/\/www.acr-fulda.de\/?p=1045#primaryimage\"},\"thumbnailUrl\":\"https:\/\/acr-fulda.de\/wp-content\/uploads\/2020\/03\/ED5E2551-993B-4898-A341-DE1D5848D4B9.jpeg\",\"datePublished\":\"2020-03-16T20:34:16+00:00\",\"dateModified\":\"2021-04-04T10:45:07+00:00\",\"breadcrumb\":{\"@id\":\"https:\/\/www.acr-fulda.de\/?p=1045#breadcrumb\"},\"inLanguage\":\"de\",\"potentialAction\":[{\"@type\":\"ReadAction\",\"target\":[\"https:\/\/www.acr-fulda.de\/?p=1045\"]}]},{\"@type\":\"ImageObject\",\"inLanguage\":\"de\",\"@id\":\"https:\/\/www.acr-fulda.de\/?p=1045#primaryimage\",\"url\":\"https:\/\/acr-fulda.de\/wp-content\/uploads\/2020\/03\/ED5E2551-993B-4898-A341-DE1D5848D4B9.jpeg\",\"contentUrl\":\"https:\/\/acr-fulda.de\/wp-content\/uploads\/2020\/03\/ED5E2551-993B-4898-A341-DE1D5848D4B9.jpeg\",\"width\":2224,\"height\":1239},{\"@type\":\"BreadcrumbList\",\"@id\":\"https:\/\/www.acr-fulda.de\/?p=1045#breadcrumb\",\"itemListElement\":[{\"@type\":\"ListItem\",\"position\":1,\"name\":\"Startseite\",\"item\":\"https:\/\/www.acr-fulda.de\/\"},{\"@type\":\"ListItem\",\"position\":2,\"name\":\"DAEC COVID-19: HANDLUNGSEMPFEHLUNG F\u00dcR DAEC-MITGLIEDER\"}]},{\"@type\":\"WebSite\",\"@id\":\"https:\/\/www.acr-fulda.de\/#website\",\"url\":\"https:\/\/www.acr-fulda.de\/\",\"name\":\"Aeroclub Rh\u00f6n e.V. Fulda\",\"description\":\"Segelfliegen, Einf\u00fchrungsfl\u00fcge, Flugschule am  Stadtrand von Fulda\",\"publisher\":{\"@id\":\"https:\/\/www.acr-fulda.de\/#organization\"},\"potentialAction\":[{\"@type\":\"SearchAction\",\"target\":{\"@type\":\"EntryPoint\",\"urlTemplate\":\"https:\/\/www.acr-fulda.de\/?s={search_term_string}\"},\"query-input\":{\"@type\":\"PropertyValueSpecification\",\"valueRequired\":true,\"valueName\":\"search_term_string\"}}],\"inLanguage\":\"de\"},{\"@type\":\"Organization\",\"@id\":\"https:\/\/www.acr-fulda.de\/#organization\",\"name\":\"Aeroclub Rh\u00f6n e.V. Fulda\",\"url\":\"https:\/\/www.acr-fulda.de\/\",\"logo\":{\"@type\":\"ImageObject\",\"inLanguage\":\"de\",\"@id\":\"https:\/\/www.acr-fulda.de\/#\/schema\/logo\/image\/\",\"url\":\"https:\/\/i0.wp.com\/www.acr-fulda.de\/wp-content\/uploads\/2015\/11\/ACR-Logo_MASK-e1482574119922.png?fit=128%2C128&ssl=1\",\"contentUrl\":\"https:\/\/i0.wp.com\/www.acr-fulda.de\/wp-content\/uploads\/2015\/11\/ACR-Logo_MASK-e1482574119922.png?fit=128%2C128&ssl=1\",\"width\":128,\"height\":128,\"caption\":\"Aeroclub Rh\u00f6n e.V. Fulda\"},\"image\":{\"@id\":\"https:\/\/www.acr-fulda.de\/#\/schema\/logo\/image\/\"}},{\"@type\":\"Person\",\"@id\":\"https:\/\/www.acr-fulda.de\/#\/schema\/person\/3692e759d291a714ec6bb3a701f85993\",\"name\":\"Windgame\",\"image\":{\"@type\":\"ImageObject\",\"inLanguage\":\"de\",\"@id\":\"https:\/\/www.acr-fulda.de\/#\/schema\/person\/image\/\",\"url\":\"https:\/\/secure.gravatar.com\/avatar\/b56536a62e577852181bcdd52b43cefc609b18145084def09605811725d0f7dd?s=96&d=mm&r=g\",\"contentUrl\":\"https:\/\/secure.gravatar.com\/avatar\/b56536a62e577852181bcdd52b43cefc609b18145084def09605811725d0f7dd?s=96&d=mm&r=g\",\"caption\":\"Windgame\"}}]}<\/script>\n<!-- \/ Yoast SEO plugin. -->","yoast_head_json":{"title":"DAEC COVID-19: HANDLUNGSEMPFEHLUNG F\u00dcR DAEC-MITGLIEDER - Aeroclub Rh\u00f6n e.V. Fulda","robots":{"index":"noindex","follow":"follow"},"og_locale":"de_DE","og_type":"article","og_title":"DAEC COVID-19: HANDLUNGSEMPFEHLUNG F\u00dcR DAEC-MITGLIEDER - Aeroclub Rh\u00f6n e.V. Fulda","og_description":"AKTUALISIERUNG DER CORONAVERORDNUNG Sie finden alle weiteren Informationen und Aktualisierungen auf der Homepage der Hessischen Landesregierung unter:&nbsp; Coronaverordnung Hessen &#8230; Wir, als Aeroclub Rh\u00f6n e.V. Fulda, werden nicht jeden Tag eine neu angepasste Erl\u00e4uterung abgeben. Jeder Interessierte sollte sich selbst\u00e4ndig auf der Seite der Hessischen Landesregierung und seiner Kommune nach den neuesten inzidenzabh\u00e4ngigen Anordnungen informieren. [&hellip;]","og_url":"https:\/\/www.acr-fulda.de\/?p=1045","og_site_name":"Aeroclub Rh\u00f6n e.V. Fulda","article_published_time":"2020-03-16T20:34:16+00:00","article_modified_time":"2021-04-04T10:45:07+00:00","og_image":[{"width":2048,"height":1141,"url":"https:\/\/acr-fulda.de\/wp-content\/uploads\/2020\/03\/ED5E2551-993B-4898-A341-DE1D5848D4B9-2048x1141.jpeg","type":"image\/jpeg"}],"author":"Windgame","twitter_card":"summary_large_image","twitter_misc":{"Verfasst von":"Windgame","Gesch\u00e4tzte Lesezeit":"4\u00a0Minuten"},"schema":{"@context":"https:\/\/schema.org","@graph":[{"@type":"Article","@id":"https:\/\/www.acr-fulda.de\/?p=1045#article","isPartOf":{"@id":"https:\/\/www.acr-fulda.de\/?p=1045"},"author":{"name":"Windgame","@id":"https:\/\/www.acr-fulda.de\/#\/schema\/person\/3692e759d291a714ec6bb3a701f85993"},"headline":"DAEC COVID-19: HANDLUNGSEMPFEHLUNG F\u00dcR DAEC-MITGLIEDER","datePublished":"2020-03-16T20:34:16+00:00","dateModified":"2021-04-04T10:45:07+00:00","mainEntityOfPage":{"@id":"https:\/\/www.acr-fulda.de\/?p=1045"},"wordCount":871,"commentCount":0,"publisher":{"@id":"https:\/\/www.acr-fulda.de\/#organization"},"image":{"@id":"https:\/\/www.acr-fulda.de\/?p=1045#primaryimage"},"thumbnailUrl":"https:\/\/acr-fulda.de\/wp-content\/uploads\/2020\/03\/ED5E2551-993B-4898-A341-DE1D5848D4B9.jpeg","articleSection":["LandingPage"],"inLanguage":"de","potentialAction":[{"@type":"CommentAction","name":"Comment","target":["https:\/\/www.acr-fulda.de\/?p=1045#respond"]}]},{"@type":"WebPage","@id":"https:\/\/www.acr-fulda.de\/?p=1045","url":"https:\/\/www.acr-fulda.de\/?p=1045","name":"DAEC COVID-19: HANDLUNGSEMPFEHLUNG F\u00dcR DAEC-MITGLIEDER - Aeroclub Rh\u00f6n e.V. Fulda","isPartOf":{"@id":"https:\/\/www.acr-fulda.de\/#website"},"primaryImageOfPage":{"@id":"https:\/\/www.acr-fulda.de\/?p=1045#primaryimage"},"image":{"@id":"https:\/\/www.acr-fulda.de\/?p=1045#primaryimage"},"thumbnailUrl":"https:\/\/acr-fulda.de\/wp-content\/uploads\/2020\/03\/ED5E2551-993B-4898-A341-DE1D5848D4B9.jpeg","datePublished":"2020-03-16T20:34:16+00:00","dateModified":"2021-04-04T10:45:07+00:00","breadcrumb":{"@id":"https:\/\/www.acr-fulda.de\/?p=1045#breadcrumb"},"inLanguage":"de","potentialAction":[{"@type":"ReadAction","target":["https:\/\/www.acr-fulda.de\/?p=1045"]}]},{"@type":"ImageObject","inLanguage":"de","@id":"https:\/\/www.acr-fulda.de\/?p=1045#primaryimage","url":"https:\/\/acr-fulda.de\/wp-content\/uploads\/2020\/03\/ED5E2551-993B-4898-A341-DE1D5848D4B9.jpeg","contentUrl":"https:\/\/acr-fulda.de\/wp-content\/uploads\/2020\/03\/ED5E2551-993B-4898-A341-DE1D5848D4B9.jpeg","width":2224,"height":1239},{"@type":"BreadcrumbList","@id":"https:\/\/www.acr-fulda.de\/?p=1045#breadcrumb","itemListElement":[{"@type":"ListItem","position":1,"name":"Startseite","item":"https:\/\/www.acr-fulda.de\/"},{"@type":"ListItem","position":2,"name":"DAEC COVID-19: HANDLUNGSEMPFEHLUNG F\u00dcR DAEC-MITGLIEDER"}]},{"@type":"WebSite","@id":"https:\/\/www.acr-fulda.de\/#website","url":"https:\/\/www.acr-fulda.de\/","name":"Aeroclub Rh\u00f6n e.V. Fulda","description":"Segelfliegen, Einf\u00fchrungsfl\u00fcge, Flugschule am  Stadtrand von Fulda","publisher":{"@id":"https:\/\/www.acr-fulda.de\/#organization"},"potentialAction":[{"@type":"SearchAction","target":{"@type":"EntryPoint","urlTemplate":"https:\/\/www.acr-fulda.de\/?s={search_term_string}"},"query-input":{"@type":"PropertyValueSpecification","valueRequired":true,"valueName":"search_term_string"}}],"inLanguage":"de"},{"@type":"Organization","@id":"https:\/\/www.acr-fulda.de\/#organization","name":"Aeroclub Rh\u00f6n e.V. Fulda","url":"https:\/\/www.acr-fulda.de\/","logo":{"@type":"ImageObject","inLanguage":"de","@id":"https:\/\/www.acr-fulda.de\/#\/schema\/logo\/image\/","url":"https:\/\/i0.wp.com\/www.acr-fulda.de\/wp-content\/uploads\/2015\/11\/ACR-Logo_MASK-e1482574119922.png?fit=128%2C128&ssl=1","contentUrl":"https:\/\/i0.wp.com\/www.acr-fulda.de\/wp-content\/uploads\/2015\/11\/ACR-Logo_MASK-e1482574119922.png?fit=128%2C128&ssl=1","width":128,"height":128,"caption":"Aeroclub Rh\u00f6n e.V. Fulda"},"image":{"@id":"https:\/\/www.acr-fulda.de\/#\/schema\/logo\/image\/"}},{"@type":"Person","@id":"https:\/\/www.acr-fulda.de\/#\/schema\/person\/3692e759d291a714ec6bb3a701f85993","name":"Windgame","image":{"@type":"ImageObject","inLanguage":"de","@id":"https:\/\/www.acr-fulda.de\/#\/schema\/person\/image\/","url":"https:\/\/secure.gravatar.com\/avatar\/b56536a62e577852181bcdd52b43cefc609b18145084def09605811725d0f7dd?s=96&d=mm&r=g","contentUrl":"https:\/\/secure.gravatar.com\/avatar\/b56536a62e577852181bcdd52b43cefc609b18145084def09605811725d0f7dd?s=96&d=mm&r=g","caption":"Windgame"}}]}},"_links":{"self":[{"href":"https:\/\/www.acr-fulda.de\/index.php?rest_route=\/wp\/v2\/posts\/1045","targetHints":{"allow":["GET"]}}],"collection":[{"href":"https:\/\/www.acr-fulda.de\/index.php?rest_route=\/wp\/v2\/posts"}],"about":[{"href":"https:\/\/www.acr-fulda.de\/index.php?rest_route=\/wp\/v2\/types\/post"}],"author":[{"embeddable":true,"href":"https:\/\/www.acr-fulda.de\/index.php?rest_route=\/wp\/v2\/users\/1"}],"replies":[{"embeddable":true,"href":"https:\/\/www.acr-fulda.de\/index.php?rest_route=%2Fwp%2Fv2%2Fcomments&post=1045"}],"version-history":[{"count":13,"href":"https:\/\/www.acr-fulda.de\/index.php?rest_route=\/wp\/v2\/posts\/1045\/revisions"}],"predecessor-version":[{"id":1151,"href":"https:\/\/www.acr-fulda.de\/index.php?rest_route=\/wp\/v2\/posts\/1045\/revisions\/1151"}],"wp:featuredmedia":[{"embeddable":true,"href":"https:\/\/www.acr-fulda.de\/index.php?rest_route=\/wp\/v2\/media\/1040"}],"wp:attachment":[{"href":"https:\/\/www.acr-fulda.de\/index.php?rest_route=%2Fwp%2Fv2%2Fmedia&parent=1045"}],"wp:term":[{"taxonomy":"category","embeddable":true,"href":"https:\/\/www.acr-fulda.de\/index.php?rest_route=%2Fwp%2Fv2%2Fcategories&post=1045"},{"taxonomy":"post_tag","embeddable":true,"href":"https:\/\/www.acr-fulda.de\/index.php?rest_route=%2Fwp%2Fv2%2Ftags&post=1045"}],"curies":[{"name":"wp","href":"https:\/\/api.w.org\/{rel}","templated":true}]}}