{"id":1016,"date":"2021-12-24T13:23:40","date_gmt":"2021-12-24T12:23:40","guid":{"rendered":"http:\/\/www.acr-fulda.de\/?p=1016"},"modified":"2022-02-20T15:41:44","modified_gmt":"2022-02-20T14:41:44","slug":"neujahrsgruss-2","status":"publish","type":"post","link":"https:\/\/www.acr-fulda.de\/?p=1016","title":{"rendered":"Neujahrsgru\u00df"},"content":{"rendered":"<p><b><i>Ein frohes Weihnachtsfest und ein gutes neues Jahr 2022 !<\/i><\/b><\/p>\n<p><i><b>Verehrte Clubkameradinnen, verehrte Clubkameraden, liebe Fliegerfreunde,<\/b><\/i><\/p>\n<p>wir w\u00fcnschen unseren aktiven und passiven Mitgliedern, sowie deren Familienangeh\u00f6rigen, ein stimmungsvolles Weihnachtsfest und ein gutes neues Jahr 2022 voller Gesundheit, Gl\u00fcck und Zufriedenheit. Dazu geh\u00f6ren viele sch\u00f6ne Fl\u00fcge \/ Flugtage und immer eine gute Landung!<br \/>\n<i><b><br \/>\nMit besten Fliegergr\u00fc\u00dfen<br \/>\nDer Vorstand<\/b><\/i><\/p>\n","protected":false},"excerpt":{"rendered":"<p>Ein frohes Weihnachtsfest und ein gutes neues Jahr 2022 ! Verehrte Clubkameradinnen, verehrte Clubkameraden, liebe Fliegerfreunde, wir w\u00fcnschen unseren aktiven und passiven Mitgliedern, sowie deren Familienangeh\u00f6rigen, ein stimmungsvolles Weihnachtsfest und ein gutes neues Jahr 2022 voller Gesundheit, Gl\u00fcck und Zufriedenheit. Dazu geh\u00f6ren viele sch\u00f6ne Fl\u00fcge \/ Flugtage und immer eine gute Landung! Mit besten Fliegergr\u00fc\u00dfen [&hellip;]<\/p>\n","protected":false},"author":1,"featured_media":1101,"comment_status":"open","ping_status":"open","sticky":false,"template":"","format":"standard","meta":{"_acf_changed":false,"wikipediapreview_detectlinks":true,"ngg_post_thumbnail":0,"footnotes":""},"categories":[1],"tags":[],"class_list":{"0":"post-1016","1":"post","2":"type-post","3":"status-publish","4":"format-standard","5":"has-post-thumbnail","7":"category-allgemein","8":"czr-hentry"},"acf":[],"yoast_head":"<!-- This site is optimized with the Yoast SEO plugin v26.6 - https:\/\/yoast.com\/wordpress\/plugins\/seo\/ -->\n<title>Neujahrsgru\u00df - Aeroclub Rh\u00f6n e.V. Fulda<\/title>\n<meta name=\"robots\" content=\"noindex, follow\" \/>\n<meta property=\"og:locale\" content=\"de_DE\" \/>\n<meta property=\"og:type\" content=\"article\" \/>\n<meta property=\"og:title\" content=\"Neujahrsgru\u00df - Aeroclub Rh\u00f6n e.V. Fulda\" \/>\n<meta property=\"og:description\" content=\"Ein frohes Weihnachtsfest und ein gutes neues Jahr 2022 ! Verehrte Clubkameradinnen, verehrte Clubkameraden, liebe Fliegerfreunde, wir w\u00fcnschen unseren aktiven und passiven Mitgliedern, sowie deren Familienangeh\u00f6rigen, ein stimmungsvolles Weihnachtsfest und ein gutes neues Jahr 2022 voller Gesundheit, Gl\u00fcck und Zufriedenheit. Dazu geh\u00f6ren viele sch\u00f6ne Fl\u00fcge \/ Flugtage und immer eine gute Landung! Mit besten Fliegergr\u00fc\u00dfen [&hellip;]\" \/>\n<meta property=\"og:url\" content=\"https:\/\/www.acr-fulda.de\/?p=1016\" \/>\n<meta property=\"og:site_name\" content=\"Aeroclub Rh\u00f6n e.V. Fulda\" \/>\n<meta property=\"article:published_time\" content=\"2021-12-24T12:23:40+00:00\" \/>\n<meta property=\"article:modified_time\" content=\"2022-02-20T14:41:44+00:00\" \/>\n<meta property=\"og:image\" content=\"https:\/\/acr-fulda.de\/wp-content\/uploads\/2020\/12\/xmas2020.jpg\" \/>\n\t<meta property=\"og:image:width\" content=\"1920\" \/>\n\t<meta property=\"og:image:height\" content=\"1285\" \/>\n\t<meta property=\"og:image:type\" content=\"image\/jpeg\" \/>\n<meta name=\"author\" content=\"Windgame\" \/>\n<meta name=\"twitter:card\" content=\"summary_large_image\" \/>\n<meta name=\"twitter:label1\" content=\"Verfasst von\" \/>\n\t<meta name=\"twitter:data1\" content=\"Windgame\" \/>\n\t<meta name=\"twitter:label2\" content=\"Gesch\u00e4tzte Lesezeit\" \/>\n\t<meta name=\"twitter:data2\" content=\"1\u00a0Minute\" \/>\n<script type=\"application\/ld+json\" class=\"yoast-schema-graph\">{\"@context\":\"https:\/\/schema.org\",\"@graph\":[{\"@type\":\"Article\",\"@id\":\"https:\/\/www.acr-fulda.de\/?p=1016#article\",\"isPartOf\":{\"@id\":\"https:\/\/www.acr-fulda.de\/?p=1016\"},\"author\":{\"name\":\"Windgame\",\"@id\":\"https:\/\/www.acr-fulda.de\/#\/schema\/person\/3692e759d291a714ec6bb3a701f85993\"},\"headline\":\"Neujahrsgru\u00df\",\"datePublished\":\"2021-12-24T12:23:40+00:00\",\"dateModified\":\"2022-02-20T14:41:44+00:00\",\"mainEntityOfPage\":{\"@id\":\"https:\/\/www.acr-fulda.de\/?p=1016\"},\"wordCount\":61,\"commentCount\":0,\"publisher\":{\"@id\":\"https:\/\/www.acr-fulda.de\/#organization\"},\"image\":{\"@id\":\"https:\/\/www.acr-fulda.de\/?p=1016#primaryimage\"},\"thumbnailUrl\":\"https:\/\/acr-fulda.de\/wp-content\/uploads\/2020\/12\/xmas2020.jpg\",\"inLanguage\":\"de\",\"potentialAction\":[{\"@type\":\"CommentAction\",\"name\":\"Comment\",\"target\":[\"https:\/\/www.acr-fulda.de\/?p=1016#respond\"]}]},{\"@type\":\"WebPage\",\"@id\":\"https:\/\/www.acr-fulda.de\/?p=1016\",\"url\":\"https:\/\/www.acr-fulda.de\/?p=1016\",\"name\":\"Neujahrsgru\u00df - Aeroclub Rh\u00f6n e.V. Fulda\",\"isPartOf\":{\"@id\":\"https:\/\/www.acr-fulda.de\/#website\"},\"primaryImageOfPage\":{\"@id\":\"https:\/\/www.acr-fulda.de\/?p=1016#primaryimage\"},\"image\":{\"@id\":\"https:\/\/www.acr-fulda.de\/?p=1016#primaryimage\"},\"thumbnailUrl\":\"https:\/\/acr-fulda.de\/wp-content\/uploads\/2020\/12\/xmas2020.jpg\",\"datePublished\":\"2021-12-24T12:23:40+00:00\",\"dateModified\":\"2022-02-20T14:41:44+00:00\",\"breadcrumb\":{\"@id\":\"https:\/\/www.acr-fulda.de\/?p=1016#breadcrumb\"},\"inLanguage\":\"de\",\"potentialAction\":[{\"@type\":\"ReadAction\",\"target\":[\"https:\/\/www.acr-fulda.de\/?p=1016\"]}]},{\"@type\":\"ImageObject\",\"inLanguage\":\"de\",\"@id\":\"https:\/\/www.acr-fulda.de\/?p=1016#primaryimage\",\"url\":\"https:\/\/acr-fulda.de\/wp-content\/uploads\/2020\/12\/xmas2020.jpg\",\"contentUrl\":\"https:\/\/acr-fulda.de\/wp-content\/uploads\/2020\/12\/xmas2020.jpg\",\"width\":1920,\"height\":1285},{\"@type\":\"BreadcrumbList\",\"@id\":\"https:\/\/www.acr-fulda.de\/?p=1016#breadcrumb\",\"itemListElement\":[{\"@type\":\"ListItem\",\"position\":1,\"name\":\"Startseite\",\"item\":\"https:\/\/www.acr-fulda.de\/\"},{\"@type\":\"ListItem\",\"position\":2,\"name\":\"Neujahrsgru\u00df\"}]},{\"@type\":\"WebSite\",\"@id\":\"https:\/\/www.acr-fulda.de\/#website\",\"url\":\"https:\/\/www.acr-fulda.de\/\",\"name\":\"Aeroclub Rh\u00f6n e.V. Fulda\",\"description\":\"Segelfliegen, Einf\u00fchrungsfl\u00fcge, Flugschule am  Stadtrand von Fulda\",\"publisher\":{\"@id\":\"https:\/\/www.acr-fulda.de\/#organization\"},\"potentialAction\":[{\"@type\":\"SearchAction\",\"target\":{\"@type\":\"EntryPoint\",\"urlTemplate\":\"https:\/\/www.acr-fulda.de\/?s={search_term_string}\"},\"query-input\":{\"@type\":\"PropertyValueSpecification\",\"valueRequired\":true,\"valueName\":\"search_term_string\"}}],\"inLanguage\":\"de\"},{\"@type\":\"Organization\",\"@id\":\"https:\/\/www.acr-fulda.de\/#organization\",\"name\":\"Aeroclub Rh\u00f6n e.V. Fulda\",\"url\":\"https:\/\/www.acr-fulda.de\/\",\"logo\":{\"@type\":\"ImageObject\",\"inLanguage\":\"de\",\"@id\":\"https:\/\/www.acr-fulda.de\/#\/schema\/logo\/image\/\",\"url\":\"https:\/\/i0.wp.com\/www.acr-fulda.de\/wp-content\/uploads\/2015\/11\/ACR-Logo_MASK-e1482574119922.png?fit=128%2C128&ssl=1\",\"contentUrl\":\"https:\/\/i0.wp.com\/www.acr-fulda.de\/wp-content\/uploads\/2015\/11\/ACR-Logo_MASK-e1482574119922.png?fit=128%2C128&ssl=1\",\"width\":128,\"height\":128,\"caption\":\"Aeroclub Rh\u00f6n e.V. Fulda\"},\"image\":{\"@id\":\"https:\/\/www.acr-fulda.de\/#\/schema\/logo\/image\/\"}},{\"@type\":\"Person\",\"@id\":\"https:\/\/www.acr-fulda.de\/#\/schema\/person\/3692e759d291a714ec6bb3a701f85993\",\"name\":\"Windgame\",\"image\":{\"@type\":\"ImageObject\",\"inLanguage\":\"de\",\"@id\":\"https:\/\/www.acr-fulda.de\/#\/schema\/person\/image\/\",\"url\":\"https:\/\/secure.gravatar.com\/avatar\/b56536a62e577852181bcdd52b43cefc609b18145084def09605811725d0f7dd?s=96&d=mm&r=g\",\"contentUrl\":\"https:\/\/secure.gravatar.com\/avatar\/b56536a62e577852181bcdd52b43cefc609b18145084def09605811725d0f7dd?s=96&d=mm&r=g\",\"caption\":\"Windgame\"}}]}<\/script>\n<!-- \/ Yoast SEO plugin. -->","yoast_head_json":{"title":"Neujahrsgru\u00df - Aeroclub Rh\u00f6n e.V. Fulda","robots":{"index":"noindex","follow":"follow"},"og_locale":"de_DE","og_type":"article","og_title":"Neujahrsgru\u00df - Aeroclub Rh\u00f6n e.V. Fulda","og_description":"Ein frohes Weihnachtsfest und ein gutes neues Jahr 2022 ! Verehrte Clubkameradinnen, verehrte Clubkameraden, liebe Fliegerfreunde, wir w\u00fcnschen unseren aktiven und passiven Mitgliedern, sowie deren Familienangeh\u00f6rigen, ein stimmungsvolles Weihnachtsfest und ein gutes neues Jahr 2022 voller Gesundheit, Gl\u00fcck und Zufriedenheit. Dazu geh\u00f6ren viele sch\u00f6ne Fl\u00fcge \/ Flugtage und immer eine gute Landung! Mit besten Fliegergr\u00fc\u00dfen [&hellip;]","og_url":"https:\/\/www.acr-fulda.de\/?p=1016","og_site_name":"Aeroclub Rh\u00f6n e.V. Fulda","article_published_time":"2021-12-24T12:23:40+00:00","article_modified_time":"2022-02-20T14:41:44+00:00","og_image":[{"width":1920,"height":1285,"url":"https:\/\/acr-fulda.de\/wp-content\/uploads\/2020\/12\/xmas2020.jpg","type":"image\/jpeg"}],"author":"Windgame","twitter_card":"summary_large_image","twitter_misc":{"Verfasst von":"Windgame","Gesch\u00e4tzte Lesezeit":"1\u00a0Minute"},"schema":{"@context":"https:\/\/schema.org","@graph":[{"@type":"Article","@id":"https:\/\/www.acr-fulda.de\/?p=1016#article","isPartOf":{"@id":"https:\/\/www.acr-fulda.de\/?p=1016"},"author":{"name":"Windgame","@id":"https:\/\/www.acr-fulda.de\/#\/schema\/person\/3692e759d291a714ec6bb3a701f85993"},"headline":"Neujahrsgru\u00df","datePublished":"2021-12-24T12:23:40+00:00","dateModified":"2022-02-20T14:41:44+00:00","mainEntityOfPage":{"@id":"https:\/\/www.acr-fulda.de\/?p=1016"},"wordCount":61,"commentCount":0,"publisher":{"@id":"https:\/\/www.acr-fulda.de\/#organization"},"image":{"@id":"https:\/\/www.acr-fulda.de\/?p=1016#primaryimage"},"thumbnailUrl":"https:\/\/acr-fulda.de\/wp-content\/uploads\/2020\/12\/xmas2020.jpg","inLanguage":"de","potentialAction":[{"@type":"CommentAction","name":"Comment","target":["https:\/\/www.acr-fulda.de\/?p=1016#respond"]}]},{"@type":"WebPage","@id":"https:\/\/www.acr-fulda.de\/?p=1016","url":"https:\/\/www.acr-fulda.de\/?p=1016","name":"Neujahrsgru\u00df - Aeroclub Rh\u00f6n e.V. Fulda","isPartOf":{"@id":"https:\/\/www.acr-fulda.de\/#website"},"primaryImageOfPage":{"@id":"https:\/\/www.acr-fulda.de\/?p=1016#primaryimage"},"image":{"@id":"https:\/\/www.acr-fulda.de\/?p=1016#primaryimage"},"thumbnailUrl":"https:\/\/acr-fulda.de\/wp-content\/uploads\/2020\/12\/xmas2020.jpg","datePublished":"2021-12-24T12:23:40+00:00","dateModified":"2022-02-20T14:41:44+00:00","breadcrumb":{"@id":"https:\/\/www.acr-fulda.de\/?p=1016#breadcrumb"},"inLanguage":"de","potentialAction":[{"@type":"ReadAction","target":["https:\/\/www.acr-fulda.de\/?p=1016"]}]},{"@type":"ImageObject","inLanguage":"de","@id":"https:\/\/www.acr-fulda.de\/?p=1016#primaryimage","url":"https:\/\/acr-fulda.de\/wp-content\/uploads\/2020\/12\/xmas2020.jpg","contentUrl":"https:\/\/acr-fulda.de\/wp-content\/uploads\/2020\/12\/xmas2020.jpg","width":1920,"height":1285},{"@type":"BreadcrumbList","@id":"https:\/\/www.acr-fulda.de\/?p=1016#breadcrumb","itemListElement":[{"@type":"ListItem","position":1,"name":"Startseite","item":"https:\/\/www.acr-fulda.de\/"},{"@type":"ListItem","position":2,"name":"Neujahrsgru\u00df"}]},{"@type":"WebSite","@id":"https:\/\/www.acr-fulda.de\/#website","url":"https:\/\/www.acr-fulda.de\/","name":"Aeroclub Rh\u00f6n e.V. Fulda","description":"Segelfliegen, Einf\u00fchrungsfl\u00fcge, Flugschule am  Stadtrand von Fulda","publisher":{"@id":"https:\/\/www.acr-fulda.de\/#organization"},"potentialAction":[{"@type":"SearchAction","target":{"@type":"EntryPoint","urlTemplate":"https:\/\/www.acr-fulda.de\/?s={search_term_string}"},"query-input":{"@type":"PropertyValueSpecification","valueRequired":true,"valueName":"search_term_string"}}],"inLanguage":"de"},{"@type":"Organization","@id":"https:\/\/www.acr-fulda.de\/#organization","name":"Aeroclub Rh\u00f6n e.V. Fulda","url":"https:\/\/www.acr-fulda.de\/","logo":{"@type":"ImageObject","inLanguage":"de","@id":"https:\/\/www.acr-fulda.de\/#\/schema\/logo\/image\/","url":"https:\/\/i0.wp.com\/www.acr-fulda.de\/wp-content\/uploads\/2015\/11\/ACR-Logo_MASK-e1482574119922.png?fit=128%2C128&ssl=1","contentUrl":"https:\/\/i0.wp.com\/www.acr-fulda.de\/wp-content\/uploads\/2015\/11\/ACR-Logo_MASK-e1482574119922.png?fit=128%2C128&ssl=1","width":128,"height":128,"caption":"Aeroclub Rh\u00f6n e.V. Fulda"},"image":{"@id":"https:\/\/www.acr-fulda.de\/#\/schema\/logo\/image\/"}},{"@type":"Person","@id":"https:\/\/www.acr-fulda.de\/#\/schema\/person\/3692e759d291a714ec6bb3a701f85993","name":"Windgame","image":{"@type":"ImageObject","inLanguage":"de","@id":"https:\/\/www.acr-fulda.de\/#\/schema\/person\/image\/","url":"https:\/\/secure.gravatar.com\/avatar\/b56536a62e577852181bcdd52b43cefc609b18145084def09605811725d0f7dd?s=96&d=mm&r=g","contentUrl":"https:\/\/secure.gravatar.com\/avatar\/b56536a62e577852181bcdd52b43cefc609b18145084def09605811725d0f7dd?s=96&d=mm&r=g","caption":"Windgame"}}]}},"_links":{"self":[{"href":"https:\/\/www.acr-fulda.de\/index.php?rest_route=\/wp\/v2\/posts\/1016","targetHints":{"allow":["GET"]}}],"collection":[{"href":"https:\/\/www.acr-fulda.de\/index.php?rest_route=\/wp\/v2\/posts"}],"about":[{"href":"https:\/\/www.acr-fulda.de\/index.php?rest_route=\/wp\/v2\/types\/post"}],"author":[{"embeddable":true,"href":"https:\/\/www.acr-fulda.de\/index.php?rest_route=\/wp\/v2\/users\/1"}],"replies":[{"embeddable":true,"href":"https:\/\/www.acr-fulda.de\/index.php?rest_route=%2Fwp%2Fv2%2Fcomments&post=1016"}],"version-history":[{"count":5,"href":"https:\/\/www.acr-fulda.de\/index.php?rest_route=\/wp\/v2\/posts\/1016\/revisions"}],"predecessor-version":[{"id":1182,"href":"https:\/\/www.acr-fulda.de\/index.php?rest_route=\/wp\/v2\/posts\/1016\/revisions\/1182"}],"wp:featuredmedia":[{"embeddable":true,"href":"https:\/\/www.acr-fulda.de\/index.php?rest_route=\/wp\/v2\/media\/1101"}],"wp:attachment":[{"href":"https:\/\/www.acr-fulda.de\/index.php?rest_route=%2Fwp%2Fv2%2Fmedia&parent=1016"}],"wp:term":[{"taxonomy":"category","embeddable":true,"href":"https:\/\/www.acr-fulda.de\/index.php?rest_route=%2Fwp%2Fv2%2Fcategories&post=1016"},{"taxonomy":"post_tag","embeddable":true,"href":"https:\/\/www.acr-fulda.de\/index.php?rest_route=%2Fwp%2Fv2%2Ftags&post=1016"}],"curies":[{"name":"wp","href":"https:\/\/api.w.org\/{rel}","templated":true}]}}